{"id":1085,"date":"2019-08-03T16:22:38","date_gmt":"2019-08-03T14:22:38","guid":{"rendered":"http:\/\/www2.businessgarden.eu\/poznan\/?p=1085"},"modified":"2020-04-27T22:26:33","modified_gmt":"2020-04-27T20:26:33","slug":"meeting-in-the-garden-personal-branding-dyrektora-hr","status":"publish","type":"post","link":"https:\/\/www.businessgarden.eu\/poznan\/meeting-in-the-garden-personal-branding-dyrektora-hr\/","title":{"rendered":"Meeting in the garden: Personal branding dyrektora HR"},"content":{"rendered":"<p>Dlaczego warto dba\u0107 o swoj\u0105 mark\u0119? Jak skutecznie i naturalnie to robi\u0107? Czego unika\u0107? Wsp\u00f3lnie z Bee Talents, Brytyjsko-Polsk\u0105 i Skandynawsko-Polska Izb\u0105 Handlow\u0105 zapraszamy na pierwsze \u015bniadanie biznesowe z cyklu \u201cMeetings in the Garden\u201d. Spotkania skierowane s\u0105 do g\u0142\u00f3wnie do specjalist\u00f3w, menad\u017cer\u00f3w i dyrektor\u00f3w HR.<\/p>\n<p>Zapisy: event.poland@vastint.eu<br \/>\nLiczba miejsc ograniczona. Decyduje kolejno\u015b\u0107 zg\u0142oszenia.<br \/>\nRegulamin wydarzenia: bit.ly\/2TWAddH<\/p>\n","protected":false},"excerpt":{"rendered":"<p>Dlaczego warto dba\u0107 o swoj\u0105 mark\u0119? Jak skutecznie i naturalnie to robi\u0107? Czego unika\u0107? Wsp\u00f3lnie z Bee Talents, Brytyjsko-Polsk\u0105 i Skandynawsko-Polska Izb\u0105 Handlow\u0105 zapraszamy na pierwsze \u015bniadanie biznesowe z cyklu \u201cMeetings in the Garden\u201d. Spotkania skierowane s\u0105 do g\u0142\u00f3wnie do specjalist\u00f3w, menad\u017cer\u00f3w i dyrektor\u00f3w HR. Zapisy: event.poland@vastint.eu Liczba miejsc ograniczona. Decyduje kolejno\u015b\u0107 zg\u0142oszenia. Regulamin wydarzenia: [&hellip;]<\/p>\n","protected":false},"author":3,"featured_media":0,"comment_status":"open","ping_status":"open","sticky":false,"template":"","format":"standard","meta":{"spay_email":"","mc4wp_mailchimp_campaign":[]},"categories":[41],"tags":[],"acf":[],"jetpack_featured_media_url":"","_links":{"self":[{"href":"https:\/\/www.businessgarden.eu\/poznan\/wp-json\/wp\/v2\/posts\/1085"}],"collection":[{"href":"https:\/\/www.businessgarden.eu\/poznan\/wp-json\/wp\/v2\/posts"}],"about":[{"href":"https:\/\/www.businessgarden.eu\/poznan\/wp-json\/wp\/v2\/types\/post"}],"author":[{"embeddable":true,"href":"https:\/\/www.businessgarden.eu\/poznan\/wp-json\/wp\/v2\/users\/3"}],"replies":[{"embeddable":true,"href":"https:\/\/www.businessgarden.eu\/poznan\/wp-json\/wp\/v2\/comments?post=1085"}],"version-history":[{"count":0,"href":"https:\/\/www.businessgarden.eu\/poznan\/wp-json\/wp\/v2\/posts\/1085\/revisions"}],"wp:attachment":[{"href":"https:\/\/www.businessgarden.eu\/poznan\/wp-json\/wp\/v2\/media?parent=1085"}],"wp:term":[{"taxonomy":"category","embeddable":true,"href":"https:\/\/www.businessgarden.eu\/poznan\/wp-json\/wp\/v2\/categories?post=1085"},{"taxonomy":"post_tag","embeddable":true,"href":"https:\/\/www.businessgarden.eu\/poznan\/wp-json\/wp\/v2\/tags?post=1085"}],"curies":[{"name":"wp","href":"https:\/\/api.w.org\/{rel}","templated":true}]}}