{"id":1957,"date":"2020-05-18T17:45:52","date_gmt":"2020-05-18T15:45:52","guid":{"rendered":"https:\/\/www.businessgarden.eu\/poznan\/?p=1957"},"modified":"2020-05-18T17:51:03","modified_gmt":"2020-05-18T15:51:03","slug":"1957-2","status":"publish","type":"post","link":"https:\/\/www.businessgarden.eu\/poznan\/1957-2\/","title":{"rendered":"Co m\u00f3wi\u0105 o Tobie, gdy nie ma Ci\u0119 w pokoju? Personal Branding"},"content":{"rendered":"<p>Zadbaj o swoj\u0105 mark\u0119 osobist\u0105!<br \/>\nWe\u017a udzia\u0142 w webinarze prowadzonym przez Ew\u0119 Bujak i naucz si\u0119 jak budowa\u0107 silne podstawy sp\u00f3jnego i pozytywnego w odbiorze wizerunku. Nie przegap okazji na to by sta\u0107 si\u0119 specjalist\u0105 od Personal Brandingu.<\/p>\n<p>Do\u0142\u0105cz do wydarzenia na profilu Facebook Business Garden: <a href=\"https:\/\/www.facebook.com\/events\/577852103144712\/\">Link do wydarzenia<\/a>.<\/p>\n<p>Z webinaru dowiesz si\u0119 mi\u0119dzy innymi:<\/p>\n<p>&#8211; czy Personal Branding w og\u00f3le si\u0119 op\u0142aca<br \/>\n&#8211; od czego zacz\u0105\u0107 budowanie marki osobistej<br \/>\n&#8211; w jaki spos\u00f3b mo\u017cesz zadba\u0107 o swoj\u0105 mark\u0119 osobist\u0105<br \/>\n&#8211; jak zbudowa\u0107 sp\u00f3jny i przede wszystkim pozytywny wizerunek<br \/>\n&#8211; jak powiniene\u015b pokaza\u0107 si\u0119 \u015bwiatu w taki spos\u00f3b, by w Ciebie uwierzy\u0142.<\/p>\n<p>Prowadz\u0105ca spotkanie, Ewa Bujak, od ponad 10 lat zajmuje si\u0119 komunikacj\u0105. Pomaga budowa\u0107 pozytywny wizerunek firm i marki osobistej. W swojej pracy wykorzystuje wiedz\u0119 z takich dziedzin jak: psychologia spo\u0142eczna, dziennikarstwo, wspieraj\u0105c to kompetencjami wyk\u0142adowcy i tutora. Prowadzi\u0142a projekty komunikacyjne i szkolenia dla takich firm, jak: Netguru, Fibar Group, Skoda Auto Polska, Volkswagen Group Polska, GlaxoSmithKline, Bank Pocztowy, Hicron, Grupa Nickel oraz Kompania Piwowarska.<\/p>\n<p>To wydarzenie, kt\u00f3rego nie mo\u017cesz przegapi\u0107!<\/p>\n","protected":false},"excerpt":{"rendered":"<p>Zadbaj o swoj\u0105 mark\u0119 osobist\u0105! We\u017a udzia\u0142 w webinarze prowadzonym przez Ew\u0119 Bujak i naucz si\u0119 jak budowa\u0107 silne podstawy sp\u00f3jnego i pozytywnego w odbiorze wizerunku. Nie przegap okazji na to by sta\u0107 si\u0119 specjalist\u0105 od Personal Brandingu. Do\u0142\u0105cz do wydarzenia na profilu Facebook Business Garden: Link do wydarzenia. Z webinaru dowiesz si\u0119 mi\u0119dzy innymi: [&hellip;]<\/p>\n","protected":false},"author":3,"featured_media":0,"comment_status":"closed","ping_status":"closed","sticky":false,"template":"","format":"standard","meta":{"spay_email":"","mc4wp_mailchimp_campaign":[]},"categories":[41],"tags":[],"acf":[],"jetpack_featured_media_url":"","_links":{"self":[{"href":"https:\/\/www.businessgarden.eu\/poznan\/wp-json\/wp\/v2\/posts\/1957"}],"collection":[{"href":"https:\/\/www.businessgarden.eu\/poznan\/wp-json\/wp\/v2\/posts"}],"about":[{"href":"https:\/\/www.businessgarden.eu\/poznan\/wp-json\/wp\/v2\/types\/post"}],"author":[{"embeddable":true,"href":"https:\/\/www.businessgarden.eu\/poznan\/wp-json\/wp\/v2\/users\/3"}],"replies":[{"embeddable":true,"href":"https:\/\/www.businessgarden.eu\/poznan\/wp-json\/wp\/v2\/comments?post=1957"}],"version-history":[{"count":0,"href":"https:\/\/www.businessgarden.eu\/poznan\/wp-json\/wp\/v2\/posts\/1957\/revisions"}],"wp:attachment":[{"href":"https:\/\/www.businessgarden.eu\/poznan\/wp-json\/wp\/v2\/media?parent=1957"}],"wp:term":[{"taxonomy":"category","embeddable":true,"href":"https:\/\/www.businessgarden.eu\/poznan\/wp-json\/wp\/v2\/categories?post=1957"},{"taxonomy":"post_tag","embeddable":true,"href":"https:\/\/www.businessgarden.eu\/poznan\/wp-json\/wp\/v2\/tags?post=1957"}],"curies":[{"name":"wp","href":"https:\/\/api.w.org\/{rel}","templated":true}]}}