{"id":1988,"date":"2020-06-10T13:59:30","date_gmt":"2020-06-10T11:59:30","guid":{"rendered":"https:\/\/www.businessgarden.eu\/poznan\/?p=1988"},"modified":"2020-06-23T13:39:04","modified_gmt":"2020-06-23T11:39:04","slug":"ale-jazda","status":"publish","type":"post","link":"https:\/\/www.businessgarden.eu\/poznan\/ale-jazda\/","title":{"rendered":"Ale jazda!"},"content":{"rendered":"<p><img loading=\"lazy\" class=\"alignnone size-medium wp-image-1989\" src=\"https:\/\/www.businessgarden.eu\/poznan\/wp-content\/uploads\/2020\/06\/ale-jazda-2020-banner-300x169.jpg\" alt=\"\" width=\"300\" height=\"169\" srcset=\"https:\/\/www.businessgarden.eu\/poznan\/wp-content\/uploads\/2020\/06\/ale-jazda-2020-banner-300x169.jpg 300w, https:\/\/www.businessgarden.eu\/poznan\/wp-content\/uploads\/2020\/06\/ale-jazda-2020-banner-1024x576.jpg 1024w, https:\/\/www.businessgarden.eu\/poznan\/wp-content\/uploads\/2020\/06\/ale-jazda-2020-banner-768x432.jpg 768w, https:\/\/www.businessgarden.eu\/poznan\/wp-content\/uploads\/2020\/06\/ale-jazda-2020-banner-1536x864.jpg 1536w, https:\/\/www.businessgarden.eu\/poznan\/wp-content\/uploads\/2020\/06\/ale-jazda-2020-banner-800x450.jpg 800w, https:\/\/www.businessgarden.eu\/poznan\/wp-content\/uploads\/2020\/06\/ale-jazda-2020-banner-1280x720.jpg 1280w, https:\/\/www.businessgarden.eu\/poznan\/wp-content\/uploads\/2020\/06\/ale-jazda-2020-banner-600x338.jpg 600w, https:\/\/www.businessgarden.eu\/poznan\/wp-content\/uploads\/2020\/06\/ale-jazda-2020-banner.jpg 1920w\" sizes=\"(max-width: 300px) 100vw, 300px\" \/><\/p>\n<p>Rusza kolejny sezon rowerowy w Business Garden \u2013 ju\u017c od 4 czerwca, jak co roku, Najemcy kompleksu maj\u0105 mo\u017cliwo\u015b\u0107 skorzystania z bezp\u0142atnego systemu bike-sharingu.<\/p>\n<p>Dzi\u0119ki aplikacji Revelo mog\u0105 wypo\u017cyczy\u0107 rower i zamieni\u0107 d\u0142ug\u0105 podr\u00f3\u017c do domu na relaksuj\u0105c\u0105 przeja\u017cd\u017ck\u0119 po Wroc\u0142awiu, Warszawie czy Poznaniu.<\/p>\n<p>Business Garden to przede wszystkim work-life balance, wi\u0119c nie ma na co czeka\u0107 \u2013 wskakujemy na rowery!<\/p>\n","protected":false},"excerpt":{"rendered":"<p>Rusza kolejny sezon rowerowy w Business Garden \u2013 ju\u017c od 4 czerwca, jak co roku, Najemcy kompleksu maj\u0105 mo\u017cliwo\u015b\u0107 skorzystania z bezp\u0142atnego systemu bike-sharingu. Dzi\u0119ki aplikacji Revelo mog\u0105 wypo\u017cyczy\u0107 rower i zamieni\u0107 d\u0142ug\u0105 podr\u00f3\u017c do domu na relaksuj\u0105c\u0105 przeja\u017cd\u017ck\u0119 po Wroc\u0142awiu, Warszawie czy Poznaniu. Business Garden to przede wszystkim work-life balance, wi\u0119c nie ma na [&hellip;]<\/p>\n","protected":false},"author":3,"featured_media":0,"comment_status":"closed","ping_status":"closed","sticky":false,"template":"","format":"standard","meta":{"spay_email":"","mc4wp_mailchimp_campaign":[]},"categories":[19],"tags":[],"acf":[],"jetpack_featured_media_url":"","_links":{"self":[{"href":"https:\/\/www.businessgarden.eu\/poznan\/wp-json\/wp\/v2\/posts\/1988"}],"collection":[{"href":"https:\/\/www.businessgarden.eu\/poznan\/wp-json\/wp\/v2\/posts"}],"about":[{"href":"https:\/\/www.businessgarden.eu\/poznan\/wp-json\/wp\/v2\/types\/post"}],"author":[{"embeddable":true,"href":"https:\/\/www.businessgarden.eu\/poznan\/wp-json\/wp\/v2\/users\/3"}],"replies":[{"embeddable":true,"href":"https:\/\/www.businessgarden.eu\/poznan\/wp-json\/wp\/v2\/comments?post=1988"}],"version-history":[{"count":0,"href":"https:\/\/www.businessgarden.eu\/poznan\/wp-json\/wp\/v2\/posts\/1988\/revisions"}],"wp:attachment":[{"href":"https:\/\/www.businessgarden.eu\/poznan\/wp-json\/wp\/v2\/media?parent=1988"}],"wp:term":[{"taxonomy":"category","embeddable":true,"href":"https:\/\/www.businessgarden.eu\/poznan\/wp-json\/wp\/v2\/categories?post=1988"},{"taxonomy":"post_tag","embeddable":true,"href":"https:\/\/www.businessgarden.eu\/poznan\/wp-json\/wp\/v2\/tags?post=1988"}],"curies":[{"name":"wp","href":"https:\/\/api.w.org\/{rel}","templated":true}]}}