{"id":1997,"date":"2020-06-23T13:40:55","date_gmt":"2020-06-23T11:40:55","guid":{"rendered":"https:\/\/www.businessgarden.eu\/poznan\/?p=1997"},"modified":"2020-10-08T19:28:49","modified_gmt":"2020-10-08T17:28:49","slug":"ergonomia-home-office-jak-zorganizowac-odpowiednie-stanowisko-pracy-w-swoim-domu","status":"publish","type":"post","link":"https:\/\/www.businessgarden.eu\/poznan\/ergonomia-home-office-jak-zorganizowac-odpowiednie-stanowisko-pracy-w-swoim-domu\/","title":{"rendered":"Ergonomia home office &#8211; jak zorganizowa\u0107 odpowiednie stanowisko pracy w swoim domu?"},"content":{"rendered":"<p>&nbsp;<\/p>\n<p><img loading=\"lazy\" class=\"alignnone size-medium wp-image-2104\" src=\"https:\/\/www.businessgarden.eu\/poznan\/wp-content\/uploads\/2020\/06\/baner-www-Tom-Chom-300x169.png\" alt=\"\" width=\"300\" height=\"169\" srcset=\"https:\/\/www.businessgarden.eu\/poznan\/wp-content\/uploads\/2020\/06\/baner-www-Tom-Chom-300x169.png 300w, https:\/\/www.businessgarden.eu\/poznan\/wp-content\/uploads\/2020\/06\/baner-www-Tom-Chom-1024x576.png 1024w, https:\/\/www.businessgarden.eu\/poznan\/wp-content\/uploads\/2020\/06\/baner-www-Tom-Chom-768x432.png 768w, https:\/\/www.businessgarden.eu\/poznan\/wp-content\/uploads\/2020\/06\/baner-www-Tom-Chom-1536x864.png 1536w, https:\/\/www.businessgarden.eu\/poznan\/wp-content\/uploads\/2020\/06\/baner-www-Tom-Chom-800x450.png 800w, https:\/\/www.businessgarden.eu\/poznan\/wp-content\/uploads\/2020\/06\/baner-www-Tom-Chom-1280x720.png 1280w, https:\/\/www.businessgarden.eu\/poznan\/wp-content\/uploads\/2020\/06\/baner-www-Tom-Chom-600x338.png 600w, https:\/\/www.businessgarden.eu\/poznan\/wp-content\/uploads\/2020\/06\/baner-www-Tom-Chom.png 1920w\" sizes=\"(max-width: 300px) 100vw, 300px\" \/><\/p>\n<p>Ergonomiczna, a tym samym dobrze zorganizowana i efektywna praca w domu, to nie lada wyzwanie! Podczas webinaru, dr n. med. Tomasz Chomiuk opowie o tym, jak powinno wygl\u0105da\u0107 domowe biuro, by stanowisko pracy nie by\u0142o obci\u0105\u017ceniem dla Twojego kr\u0119gos\u0142upa i ca\u0142ego organizmu.<\/p>\n<p>Czy wiesz, \u017ce nieprawid\u0142owo zorganizowane miejsce pracy, mo\u017ce odbi\u0107 si\u0119 na Twoim zdrowiu?<br \/>\nWe\u017a udzia\u0142 w webinarze i dowiedz si\u0119:<br \/>\n&#8211; jak minimalizowa\u0107 negatywne skutki d\u0142ugotrwa\u0142ej pracy w pozycji siedz\u0105cej<br \/>\n&#8211; jak zorganizowa\u0107 sobie ergonomiczne stanowisko pracy<br \/>\n&#8211; jak unika\u0107 nieprawid\u0142owych nawyk\u00f3w podczas home office<\/p>\n<p>Tomasz Chomiuk to adiunkt, wyk\u0142adowca Warszawskiego Uniwersytetu Medycznego, specjalista w dziedzinie fizjoterapii a tak\u017ce szkoleniowiec zajmuj\u0105cy si\u0119 odnow\u0105 biologiczn\u0105. Jest cz\u0142onkiem Zarz\u0105du Sekcji Kardiologii Sportowej Polskiego Towarzystwa Kardiologicznego, ekspertem w zakresie regeneracji sportowej i ergonomii. Podczas XII EYOF &#8211; Vorarlberg &amp; Liechtenstein 2015, XIII EYOF &#8211; Tbilisi 2015 oraz XIV EYOF Gyor 2017, by\u0142 fizjoterapeut\u0105 Polskiej Misji Olimpijskiej.<\/p>\n<p>Do\u0142\u0105cz do webinaru i\u2026 pracuj ergonomicznie!<\/p>\n","protected":false},"excerpt":{"rendered":"<p>&nbsp; Ergonomiczna, a tym samym dobrze zorganizowana i efektywna praca w domu, to nie lada wyzwanie! Podczas webinaru, dr n. med. Tomasz Chomiuk opowie o tym, jak powinno wygl\u0105da\u0107 domowe biuro, by stanowisko pracy nie by\u0142o obci\u0105\u017ceniem dla Twojego kr\u0119gos\u0142upa i ca\u0142ego organizmu. Czy wiesz, \u017ce nieprawid\u0142owo zorganizowane miejsce pracy, mo\u017ce odbi\u0107 si\u0119 na Twoim [&hellip;]<\/p>\n","protected":false},"author":3,"featured_media":0,"comment_status":"closed","ping_status":"closed","sticky":false,"template":"","format":"standard","meta":{"spay_email":"","mc4wp_mailchimp_campaign":[]},"categories":[19],"tags":[],"acf":[],"jetpack_featured_media_url":"","_links":{"self":[{"href":"https:\/\/www.businessgarden.eu\/poznan\/wp-json\/wp\/v2\/posts\/1997"}],"collection":[{"href":"https:\/\/www.businessgarden.eu\/poznan\/wp-json\/wp\/v2\/posts"}],"about":[{"href":"https:\/\/www.businessgarden.eu\/poznan\/wp-json\/wp\/v2\/types\/post"}],"author":[{"embeddable":true,"href":"https:\/\/www.businessgarden.eu\/poznan\/wp-json\/wp\/v2\/users\/3"}],"replies":[{"embeddable":true,"href":"https:\/\/www.businessgarden.eu\/poznan\/wp-json\/wp\/v2\/comments?post=1997"}],"version-history":[{"count":0,"href":"https:\/\/www.businessgarden.eu\/poznan\/wp-json\/wp\/v2\/posts\/1997\/revisions"}],"wp:attachment":[{"href":"https:\/\/www.businessgarden.eu\/poznan\/wp-json\/wp\/v2\/media?parent=1997"}],"wp:term":[{"taxonomy":"category","embeddable":true,"href":"https:\/\/www.businessgarden.eu\/poznan\/wp-json\/wp\/v2\/categories?post=1997"},{"taxonomy":"post_tag","embeddable":true,"href":"https:\/\/www.businessgarden.eu\/poznan\/wp-json\/wp\/v2\/tags?post=1997"}],"curies":[{"name":"wp","href":"https:\/\/api.w.org\/{rel}","templated":true}]}}