{"id":2037,"date":"2020-07-17T14:41:32","date_gmt":"2020-07-17T12:41:32","guid":{"rendered":"https:\/\/www.businessgarden.eu\/poznan\/?p=2037"},"modified":"2020-07-17T14:41:32","modified_gmt":"2020-07-17T12:41:32","slug":"zero-waste-na-co-dzien-czyli-czym-jest-upcykling","status":"publish","type":"post","link":"https:\/\/www.businessgarden.eu\/poznan\/zero-waste-na-co-dzien-czyli-czym-jest-upcykling\/","title":{"rendered":"Zero waste na co dzie\u0144, czyli czym jest upcykling?"},"content":{"rendered":"<p><img loading=\"lazy\" class=\"alignnone size-medium wp-image-2038\" src=\"https:\/\/www.businessgarden.eu\/poznan\/wp-content\/uploads\/2020\/07\/WWW-Eliza-baner-300x169.png\" alt=\"\" width=\"300\" height=\"169\" srcset=\"https:\/\/www.businessgarden.eu\/poznan\/wp-content\/uploads\/2020\/07\/WWW-Eliza-baner-300x169.png 300w, https:\/\/www.businessgarden.eu\/poznan\/wp-content\/uploads\/2020\/07\/WWW-Eliza-baner-1024x576.png 1024w, https:\/\/www.businessgarden.eu\/poznan\/wp-content\/uploads\/2020\/07\/WWW-Eliza-baner-768x432.png 768w, https:\/\/www.businessgarden.eu\/poznan\/wp-content\/uploads\/2020\/07\/WWW-Eliza-baner-1536x864.png 1536w, https:\/\/www.businessgarden.eu\/poznan\/wp-content\/uploads\/2020\/07\/WWW-Eliza-baner-800x450.png 800w, https:\/\/www.businessgarden.eu\/poznan\/wp-content\/uploads\/2020\/07\/WWW-Eliza-baner-1280x720.png 1280w, https:\/\/www.businessgarden.eu\/poznan\/wp-content\/uploads\/2020\/07\/WWW-Eliza-baner-600x338.png 600w, https:\/\/www.businessgarden.eu\/poznan\/wp-content\/uploads\/2020\/07\/WWW-Eliza-baner.png 1920w\" sizes=\"(max-width: 300px) 100vw, 300px\" \/><\/p>\n<p>Czym w\u0142a\u015bciwie jest recykling i upcykling i jak wprowadza\u0107 te idee w \u017cycie? Czy i jakie pozytywne skutki nios\u0105 ze sob\u0105 te poj\u0119cia w stosunku do \u015brodowiska czy domowego bud\u017cetu?<\/p>\n<p>Podczas webinaru odby\u0142 si\u0119 warsztat, na kt\u00f3rym stare jeansy zosta\u0142y przerobione na torb\u0119.<\/p>\n<p>Prowadz\u0105c\u0105 by\u0142a Pani Eliza Poprawa, za\u0142o\u017cycielka portalu pimpit.pl, na kt\u00f3rym opr\u00f3cz kupowania przedmiot\u00f3w bezpo\u015brednio od Tw\u00f3rc\u00f3w, mo\u017cna zleci\u0107 Przetw\u00f3rcom przerobienie lub odnowienie w\u0142asnej rzeczy. Organizatorka wydarze\u0144 z cyklu Przer\u00f3b-My, kt\u00f3re s\u0105 festiwalami r\u0119kodzie\u0142a, rzemios\u0142a i upcyklingu.<\/p>\n","protected":false},"excerpt":{"rendered":"<p>Czym w\u0142a\u015bciwie jest recykling i upcykling i jak wprowadza\u0107 te idee w \u017cycie? Czy i jakie pozytywne skutki nios\u0105 ze sob\u0105 te poj\u0119cia w stosunku do \u015brodowiska czy domowego bud\u017cetu? Podczas webinaru odby\u0142 si\u0119 warsztat, na kt\u00f3rym stare jeansy zosta\u0142y przerobione na torb\u0119. Prowadz\u0105c\u0105 by\u0142a Pani Eliza Poprawa, za\u0142o\u017cycielka portalu pimpit.pl, na kt\u00f3rym opr\u00f3cz kupowania [&hellip;]<\/p>\n","protected":false},"author":3,"featured_media":0,"comment_status":"closed","ping_status":"closed","sticky":false,"template":"","format":"standard","meta":{"spay_email":"","mc4wp_mailchimp_campaign":[]},"categories":[19],"tags":[],"acf":[],"jetpack_featured_media_url":"","_links":{"self":[{"href":"https:\/\/www.businessgarden.eu\/poznan\/wp-json\/wp\/v2\/posts\/2037"}],"collection":[{"href":"https:\/\/www.businessgarden.eu\/poznan\/wp-json\/wp\/v2\/posts"}],"about":[{"href":"https:\/\/www.businessgarden.eu\/poznan\/wp-json\/wp\/v2\/types\/post"}],"author":[{"embeddable":true,"href":"https:\/\/www.businessgarden.eu\/poznan\/wp-json\/wp\/v2\/users\/3"}],"replies":[{"embeddable":true,"href":"https:\/\/www.businessgarden.eu\/poznan\/wp-json\/wp\/v2\/comments?post=2037"}],"version-history":[{"count":0,"href":"https:\/\/www.businessgarden.eu\/poznan\/wp-json\/wp\/v2\/posts\/2037\/revisions"}],"wp:attachment":[{"href":"https:\/\/www.businessgarden.eu\/poznan\/wp-json\/wp\/v2\/media?parent=2037"}],"wp:term":[{"taxonomy":"category","embeddable":true,"href":"https:\/\/www.businessgarden.eu\/poznan\/wp-json\/wp\/v2\/categories?post=2037"},{"taxonomy":"post_tag","embeddable":true,"href":"https:\/\/www.businessgarden.eu\/poznan\/wp-json\/wp\/v2\/tags?post=2037"}],"curies":[{"name":"wp","href":"https:\/\/api.w.org\/{rel}","templated":true}]}}