{"id":2047,"date":"2020-07-30T14:24:36","date_gmt":"2020-07-30T12:24:36","guid":{"rendered":"https:\/\/www.businessgarden.eu\/poznan\/?p=2047"},"modified":"2020-07-30T14:24:36","modified_gmt":"2020-07-30T12:24:36","slug":"velo-day-w-business-garden","status":"publish","type":"post","link":"https:\/\/www.businessgarden.eu\/poznan\/velo-day-w-business-garden\/","title":{"rendered":"Velo Day w Business Garden"},"content":{"rendered":"<p><img loading=\"lazy\" class=\"alignnone size-medium wp-image-2048\" src=\"https:\/\/www.businessgarden.eu\/poznan\/wp-content\/uploads\/2020\/07\/PZN-velo-day-www-300x169.png\" alt=\"\" width=\"300\" height=\"169\" srcset=\"https:\/\/www.businessgarden.eu\/poznan\/wp-content\/uploads\/2020\/07\/PZN-velo-day-www-300x169.png 300w, https:\/\/www.businessgarden.eu\/poznan\/wp-content\/uploads\/2020\/07\/PZN-velo-day-www-1024x576.png 1024w, https:\/\/www.businessgarden.eu\/poznan\/wp-content\/uploads\/2020\/07\/PZN-velo-day-www-768x432.png 768w, https:\/\/www.businessgarden.eu\/poznan\/wp-content\/uploads\/2020\/07\/PZN-velo-day-www-1536x864.png 1536w, https:\/\/www.businessgarden.eu\/poznan\/wp-content\/uploads\/2020\/07\/PZN-velo-day-www-2048x1152.png 2048w, https:\/\/www.businessgarden.eu\/poznan\/wp-content\/uploads\/2020\/07\/PZN-velo-day-www-800x450.png 800w, https:\/\/www.businessgarden.eu\/poznan\/wp-content\/uploads\/2020\/07\/PZN-velo-day-www-1920x1080.png 1920w, https:\/\/www.businessgarden.eu\/poznan\/wp-content\/uploads\/2020\/07\/PZN-velo-day-www-1280x720.png 1280w, https:\/\/www.businessgarden.eu\/poznan\/wp-content\/uploads\/2020\/07\/PZN-velo-day-www-600x338.png 600w\" sizes=\"(max-width: 300px) 100vw, 300px\" \/><\/p>\n<p>Dzi\u0119ki uprzejmo\u015bci firmy \u201eThe Bike Company\u201d, jak co roku, Najemcy Business Garden maj\u0105 mo\u017cliwo\u015b\u0107 skorzystania z bezp\u0142atnego serwisu rowerowego, podstawowego czyszczenia oraz porad specjalist\u00f3w.<\/p>\n<p>Akcja ma na celu zach\u0119cenie do korzystania z tej alternatywnej i ekologicznej formy komunikacji.<\/p>\n","protected":false},"excerpt":{"rendered":"<p>Dzi\u0119ki uprzejmo\u015bci firmy \u201eThe Bike Company\u201d, jak co roku, Najemcy Business Garden maj\u0105 mo\u017cliwo\u015b\u0107 skorzystania z bezp\u0142atnego serwisu rowerowego, podstawowego czyszczenia oraz porad specjalist\u00f3w. Akcja ma na celu zach\u0119cenie do korzystania z tej alternatywnej i ekologicznej formy komunikacji.<\/p>\n","protected":false},"author":3,"featured_media":0,"comment_status":"closed","ping_status":"closed","sticky":false,"template":"","format":"standard","meta":{"spay_email":"","mc4wp_mailchimp_campaign":[]},"categories":[19],"tags":[],"acf":[],"jetpack_featured_media_url":"","_links":{"self":[{"href":"https:\/\/www.businessgarden.eu\/poznan\/wp-json\/wp\/v2\/posts\/2047"}],"collection":[{"href":"https:\/\/www.businessgarden.eu\/poznan\/wp-json\/wp\/v2\/posts"}],"about":[{"href":"https:\/\/www.businessgarden.eu\/poznan\/wp-json\/wp\/v2\/types\/post"}],"author":[{"embeddable":true,"href":"https:\/\/www.businessgarden.eu\/poznan\/wp-json\/wp\/v2\/users\/3"}],"replies":[{"embeddable":true,"href":"https:\/\/www.businessgarden.eu\/poznan\/wp-json\/wp\/v2\/comments?post=2047"}],"version-history":[{"count":0,"href":"https:\/\/www.businessgarden.eu\/poznan\/wp-json\/wp\/v2\/posts\/2047\/revisions"}],"wp:attachment":[{"href":"https:\/\/www.businessgarden.eu\/poznan\/wp-json\/wp\/v2\/media?parent=2047"}],"wp:term":[{"taxonomy":"category","embeddable":true,"href":"https:\/\/www.businessgarden.eu\/poznan\/wp-json\/wp\/v2\/categories?post=2047"},{"taxonomy":"post_tag","embeddable":true,"href":"https:\/\/www.businessgarden.eu\/poznan\/wp-json\/wp\/v2\/tags?post=2047"}],"curies":[{"name":"wp","href":"https:\/\/api.w.org\/{rel}","templated":true}]}}