{"id":2056,"date":"2020-08-11T10:33:54","date_gmt":"2020-08-11T08:33:54","guid":{"rendered":"https:\/\/www.businessgarden.eu\/poznan\/?p=2056"},"modified":"2020-08-11T10:37:58","modified_gmt":"2020-08-11T08:37:58","slug":"trasa-tramwajowa-na-marcelin","status":"publish","type":"post","link":"https:\/\/www.businessgarden.eu\/poznan\/trasa-tramwajowa-na-marcelin\/","title":{"rendered":"Trasa tramwajowa na Marcelin"},"content":{"rendered":"<p>Miasto Pozna\u0144 zaprasza na konsultacje spo\u0142eczne dotycz\u0105ce koncepcji trasy tramwajowej na Marcelin, kt\u00f3re odb\u0119d\u0105 si\u0119 w dniach od <strong>17 sierpnia do 11 wrze\u015bnia 2020 roku<\/strong>.<\/p>\n<p>Zapraszamy do zapoznania si\u0119 z projektem i udzia\u0142u w badaniu ankietowym za stronie <strong>www.tramwajmarcelin.pl<\/strong><\/p>\n","protected":false},"excerpt":{"rendered":"<p>Miasto Pozna\u0144 zaprasza na konsultacje spo\u0142eczne dotycz\u0105ce koncepcji trasy tramwajowej na Marcelin, kt\u00f3re odb\u0119d\u0105 si\u0119 w dniach od 17 sierpnia do 11 wrze\u015bnia 2020 roku. Zapraszamy do zapoznania si\u0119 z projektem i udzia\u0142u w badaniu ankietowym za stronie www.tramwajmarcelin.pl<\/p>\n","protected":false},"author":3,"featured_media":0,"comment_status":"closed","ping_status":"closed","sticky":false,"template":"","format":"standard","meta":{"spay_email":"","mc4wp_mailchimp_campaign":[]},"categories":[41],"tags":[],"acf":[],"jetpack_featured_media_url":"","_links":{"self":[{"href":"https:\/\/www.businessgarden.eu\/poznan\/wp-json\/wp\/v2\/posts\/2056"}],"collection":[{"href":"https:\/\/www.businessgarden.eu\/poznan\/wp-json\/wp\/v2\/posts"}],"about":[{"href":"https:\/\/www.businessgarden.eu\/poznan\/wp-json\/wp\/v2\/types\/post"}],"author":[{"embeddable":true,"href":"https:\/\/www.businessgarden.eu\/poznan\/wp-json\/wp\/v2\/users\/3"}],"replies":[{"embeddable":true,"href":"https:\/\/www.businessgarden.eu\/poznan\/wp-json\/wp\/v2\/comments?post=2056"}],"version-history":[{"count":0,"href":"https:\/\/www.businessgarden.eu\/poznan\/wp-json\/wp\/v2\/posts\/2056\/revisions"}],"wp:attachment":[{"href":"https:\/\/www.businessgarden.eu\/poznan\/wp-json\/wp\/v2\/media?parent=2056"}],"wp:term":[{"taxonomy":"category","embeddable":true,"href":"https:\/\/www.businessgarden.eu\/poznan\/wp-json\/wp\/v2\/categories?post=2056"},{"taxonomy":"post_tag","embeddable":true,"href":"https:\/\/www.businessgarden.eu\/poznan\/wp-json\/wp\/v2\/tags?post=2056"}],"curies":[{"name":"wp","href":"https:\/\/api.w.org\/{rel}","templated":true}]}}