{"id":2066,"date":"2020-08-19T10:43:10","date_gmt":"2020-08-19T08:43:10","guid":{"rendered":"https:\/\/www.businessgarden.eu\/poznan\/?p=2066"},"modified":"2021-03-10T13:07:38","modified_gmt":"2021-03-10T12:07:38","slug":"pomaganie-przez-ubranie","status":"publish","type":"post","link":"https:\/\/www.businessgarden.eu\/poznan\/pomaganie-przez-ubranie\/","title":{"rendered":"Pomaganie przez ubranie"},"content":{"rendered":"<p><img loading=\"lazy\" class=\"alignnone size-medium wp-image-2067\" src=\"https:\/\/www.businessgarden.eu\/poznan\/wp-content\/uploads\/2020\/08\/zbiorka-odziezy-banner-v2-300x169.jpg\" alt=\"\" width=\"300\" height=\"169\" srcset=\"https:\/\/www.businessgarden.eu\/poznan\/wp-content\/uploads\/2020\/08\/zbiorka-odziezy-banner-v2-300x169.jpg 300w, https:\/\/www.businessgarden.eu\/poznan\/wp-content\/uploads\/2020\/08\/zbiorka-odziezy-banner-v2-768x432.jpg 768w, https:\/\/www.businessgarden.eu\/poznan\/wp-content\/uploads\/2020\/08\/zbiorka-odziezy-banner-v2.jpg 800w, https:\/\/www.businessgarden.eu\/poznan\/wp-content\/uploads\/2020\/08\/zbiorka-odziezy-banner-v2-600x338.jpg 600w\" sizes=\"(max-width: 300px) 100vw, 300px\" \/><\/p>\n<p>Dzi\u0119ki wsparciu Fundacji \u201ePomaganie przez ubranie\u201d od 17 do 28 sierpnia Najemcy Business Garden maj\u0105 mo\u017cliwo\u015b\u0107 oddawania niepotrzebnej odzie\u017cy i tekstyli\u00f3w.<\/p>\n<p>Pojemniki na odzie\u017c stoj\u0105 na recepcjach budynkowych \u2013 w sam raz, aby wrzuci\u0107 co\u015b w drodze do pracy.<\/p>\n<p>&nbsp;<\/p>\n<p>&nbsp;<\/p>\n","protected":false},"excerpt":{"rendered":"<p>Dzi\u0119ki wsparciu Fundacji \u201ePomaganie przez ubranie\u201d od 17 do 28 sierpnia Najemcy Business Garden maj\u0105 mo\u017cliwo\u015b\u0107 oddawania niepotrzebnej odzie\u017cy i tekstyli\u00f3w. Pojemniki na odzie\u017c stoj\u0105 na recepcjach budynkowych \u2013 w sam raz, aby wrzuci\u0107 co\u015b w drodze do pracy. &nbsp; &nbsp;<\/p>\n","protected":false},"author":3,"featured_media":0,"comment_status":"closed","ping_status":"closed","sticky":false,"template":"","format":"standard","meta":{"spay_email":"","mc4wp_mailchimp_campaign":[]},"categories":[19],"tags":[],"acf":[],"jetpack_featured_media_url":"","_links":{"self":[{"href":"https:\/\/www.businessgarden.eu\/poznan\/wp-json\/wp\/v2\/posts\/2066"}],"collection":[{"href":"https:\/\/www.businessgarden.eu\/poznan\/wp-json\/wp\/v2\/posts"}],"about":[{"href":"https:\/\/www.businessgarden.eu\/poznan\/wp-json\/wp\/v2\/types\/post"}],"author":[{"embeddable":true,"href":"https:\/\/www.businessgarden.eu\/poznan\/wp-json\/wp\/v2\/users\/3"}],"replies":[{"embeddable":true,"href":"https:\/\/www.businessgarden.eu\/poznan\/wp-json\/wp\/v2\/comments?post=2066"}],"version-history":[{"count":1,"href":"https:\/\/www.businessgarden.eu\/poznan\/wp-json\/wp\/v2\/posts\/2066\/revisions"}],"predecessor-version":[{"id":2197,"href":"https:\/\/www.businessgarden.eu\/poznan\/wp-json\/wp\/v2\/posts\/2066\/revisions\/2197"}],"wp:attachment":[{"href":"https:\/\/www.businessgarden.eu\/poznan\/wp-json\/wp\/v2\/media?parent=2066"}],"wp:term":[{"taxonomy":"category","embeddable":true,"href":"https:\/\/www.businessgarden.eu\/poznan\/wp-json\/wp\/v2\/categories?post=2066"},{"taxonomy":"post_tag","embeddable":true,"href":"https:\/\/www.businessgarden.eu\/poznan\/wp-json\/wp\/v2\/tags?post=2066"}],"curies":[{"name":"wp","href":"https:\/\/api.w.org\/{rel}","templated":true}]}}