{"id":2097,"date":"2020-09-21T13:45:17","date_gmt":"2020-09-21T11:45:17","guid":{"rendered":"https:\/\/www.businessgarden.eu\/poznan\/?p=2097"},"modified":"2021-03-10T13:06:34","modified_gmt":"2021-03-10T12:06:34","slug":"akcja-oddawania-krwi-2","status":"publish","type":"post","link":"https:\/\/www.businessgarden.eu\/poznan\/akcja-oddawania-krwi-2\/","title":{"rendered":"Akcja oddawania krwi"},"content":{"rendered":"<p><img loading=\"lazy\" class=\"alignnone size-medium wp-image-2098\" src=\"https:\/\/www.businessgarden.eu\/poznan\/wp-content\/uploads\/2020\/09\/banner_-300x169.jpg\" alt=\"\" width=\"300\" height=\"169\" srcset=\"https:\/\/www.businessgarden.eu\/poznan\/wp-content\/uploads\/2020\/09\/banner_-300x169.jpg 300w, https:\/\/www.businessgarden.eu\/poznan\/wp-content\/uploads\/2020\/09\/banner_-768x432.jpg 768w, https:\/\/www.businessgarden.eu\/poznan\/wp-content\/uploads\/2020\/09\/banner_.jpg 800w, https:\/\/www.businessgarden.eu\/poznan\/wp-content\/uploads\/2020\/09\/banner_-600x338.jpg 600w\" sizes=\"(max-width: 300px) 100vw, 300px\" \/><\/p>\n<p>Po raz kolejny na Business Garden go\u015bcimy mobilny punkt poboru krwi.<\/p>\n<p>Ju\u017c 24 wrze\u015bnia (czwartek), w godzinach 8:30-13:30 b\u0119dzie mo\u017cna wspom\u00f3c Regionalne Centrum Krwiodawstwa i Krwiolecznictwa.<\/p>\n<p>Ambulans b\u0119dzie czeka\u0142 mi\u0119dzy budynkami Pastelowa 2 i 4.<\/p>\n","protected":false},"excerpt":{"rendered":"<p>Po raz kolejny na Business Garden go\u015bcimy mobilny punkt poboru krwi. Ju\u017c 24 wrze\u015bnia (czwartek), w godzinach 8:30-13:30 b\u0119dzie mo\u017cna wspom\u00f3c Regionalne Centrum Krwiodawstwa i Krwiolecznictwa. Ambulans b\u0119dzie czeka\u0142 mi\u0119dzy budynkami Pastelowa 2 i 4.<\/p>\n","protected":false},"author":3,"featured_media":0,"comment_status":"closed","ping_status":"closed","sticky":false,"template":"","format":"standard","meta":{"spay_email":"","mc4wp_mailchimp_campaign":[]},"categories":[19],"tags":[],"acf":[],"jetpack_featured_media_url":"","_links":{"self":[{"href":"https:\/\/www.businessgarden.eu\/poznan\/wp-json\/wp\/v2\/posts\/2097"}],"collection":[{"href":"https:\/\/www.businessgarden.eu\/poznan\/wp-json\/wp\/v2\/posts"}],"about":[{"href":"https:\/\/www.businessgarden.eu\/poznan\/wp-json\/wp\/v2\/types\/post"}],"author":[{"embeddable":true,"href":"https:\/\/www.businessgarden.eu\/poznan\/wp-json\/wp\/v2\/users\/3"}],"replies":[{"embeddable":true,"href":"https:\/\/www.businessgarden.eu\/poznan\/wp-json\/wp\/v2\/comments?post=2097"}],"version-history":[{"count":1,"href":"https:\/\/www.businessgarden.eu\/poznan\/wp-json\/wp\/v2\/posts\/2097\/revisions"}],"predecessor-version":[{"id":2196,"href":"https:\/\/www.businessgarden.eu\/poznan\/wp-json\/wp\/v2\/posts\/2097\/revisions\/2196"}],"wp:attachment":[{"href":"https:\/\/www.businessgarden.eu\/poznan\/wp-json\/wp\/v2\/media?parent=2097"}],"wp:term":[{"taxonomy":"category","embeddable":true,"href":"https:\/\/www.businessgarden.eu\/poznan\/wp-json\/wp\/v2\/categories?post=2097"},{"taxonomy":"post_tag","embeddable":true,"href":"https:\/\/www.businessgarden.eu\/poznan\/wp-json\/wp\/v2\/tags?post=2097"}],"curies":[{"name":"wp","href":"https:\/\/api.w.org\/{rel}","templated":true}]}}