{"id":2129,"date":"2020-12-18T17:00:57","date_gmt":"2020-12-18T16:00:57","guid":{"rendered":"https:\/\/www.businessgarden.eu\/poznan\/?p=2129"},"modified":"2021-03-10T13:05:20","modified_gmt":"2021-03-10T12:05:20","slug":"stacja-pakowania-prezentow","status":"publish","type":"post","link":"https:\/\/www.businessgarden.eu\/poznan\/stacja-pakowania-prezentow\/","title":{"rendered":"Stacja pakowania prezent\u00f3w"},"content":{"rendered":"<p>W tym tygodniu Najemcy Business Garden mieli mo\u017cliwo\u015b\u0107 skorzystania z darmowej us\u0142ugi pakowania prezent\u00f3w dla swoich Najbli\u017cszych.<\/p>\n","protected":false},"excerpt":{"rendered":"<p>W tym tygodniu Najemcy Business Garden mieli mo\u017cliwo\u015b\u0107 skorzystania z darmowej us\u0142ugi pakowania prezent\u00f3w dla swoich Najbli\u017cszych.<\/p>\n","protected":false},"author":3,"featured_media":0,"comment_status":"closed","ping_status":"closed","sticky":false,"template":"","format":"standard","meta":{"spay_email":"","mc4wp_mailchimp_campaign":[]},"categories":[61],"tags":[],"acf":[],"jetpack_featured_media_url":"","_links":{"self":[{"href":"https:\/\/www.businessgarden.eu\/poznan\/wp-json\/wp\/v2\/posts\/2129"}],"collection":[{"href":"https:\/\/www.businessgarden.eu\/poznan\/wp-json\/wp\/v2\/posts"}],"about":[{"href":"https:\/\/www.businessgarden.eu\/poznan\/wp-json\/wp\/v2\/types\/post"}],"author":[{"embeddable":true,"href":"https:\/\/www.businessgarden.eu\/poznan\/wp-json\/wp\/v2\/users\/3"}],"replies":[{"embeddable":true,"href":"https:\/\/www.businessgarden.eu\/poznan\/wp-json\/wp\/v2\/comments?post=2129"}],"version-history":[{"count":1,"href":"https:\/\/www.businessgarden.eu\/poznan\/wp-json\/wp\/v2\/posts\/2129\/revisions"}],"predecessor-version":[{"id":2194,"href":"https:\/\/www.businessgarden.eu\/poznan\/wp-json\/wp\/v2\/posts\/2129\/revisions\/2194"}],"wp:attachment":[{"href":"https:\/\/www.businessgarden.eu\/poznan\/wp-json\/wp\/v2\/media?parent=2129"}],"wp:term":[{"taxonomy":"category","embeddable":true,"href":"https:\/\/www.businessgarden.eu\/poznan\/wp-json\/wp\/v2\/categories?post=2129"},{"taxonomy":"post_tag","embeddable":true,"href":"https:\/\/www.businessgarden.eu\/poznan\/wp-json\/wp\/v2\/tags?post=2129"}],"curies":[{"name":"wp","href":"https:\/\/api.w.org\/{rel}","templated":true}]}}