{"id":2299,"date":"2022-03-30T08:53:35","date_gmt":"2022-03-30T06:53:35","guid":{"rendered":"https:\/\/www.businessgarden.eu\/poznan\/?p=2299"},"modified":"2022-03-30T08:53:35","modified_gmt":"2022-03-30T06:53:35","slug":"bike-days-w-business-garden","status":"publish","type":"post","link":"https:\/\/www.businessgarden.eu\/poznan\/bike-days-w-business-garden\/","title":{"rendered":"Bike Days w Business Garden"},"content":{"rendered":"<p><img loading=\"lazy\" class=\"alignnone size-medium wp-image-2300\" src=\"https:\/\/www.businessgarden.eu\/poznan\/wp-content\/uploads\/2022\/03\/Baner-Bike-Day-BG-Pzn-300x212.jpeg\" alt=\"\" width=\"300\" height=\"212\" srcset=\"https:\/\/www.businessgarden.eu\/poznan\/wp-content\/uploads\/2022\/03\/Baner-Bike-Day-BG-Pzn-300x212.jpeg 300w, https:\/\/www.businessgarden.eu\/poznan\/wp-content\/uploads\/2022\/03\/Baner-Bike-Day-BG-Pzn-1024x724.jpeg 1024w, https:\/\/www.businessgarden.eu\/poznan\/wp-content\/uploads\/2022\/03\/Baner-Bike-Day-BG-Pzn-768x543.jpeg 768w, https:\/\/www.businessgarden.eu\/poznan\/wp-content\/uploads\/2022\/03\/Baner-Bike-Day-BG-Pzn-1536x1086.jpeg 1536w, https:\/\/www.businessgarden.eu\/poznan\/wp-content\/uploads\/2022\/03\/Baner-Bike-Day-BG-Pzn-2048x1448.jpeg 2048w, https:\/\/www.businessgarden.eu\/poznan\/wp-content\/uploads\/2022\/03\/Baner-Bike-Day-BG-Pzn-1697x1200.jpeg 1697w, https:\/\/www.businessgarden.eu\/poznan\/wp-content\/uploads\/2022\/03\/Baner-Bike-Day-BG-Pzn-1018x720.jpeg 1018w\" sizes=\"(max-width: 300px) 100vw, 300px\" \/><\/p>\n<p>Czu\u0107 wiosn\u0119 w powietrzu! Kwiecie\u0144 jest dla nas nie tylko startem pi\u0119knej pogody ale r\u00f3wnie\u017c rozpocz\u0119ciem sezonu rowerowego w Business Garden!<\/p>\n<p>Mamy wi\u0119c ogromn\u0105 przyjemno\u015b\u0107 zaprosi\u0107 naszych najemc\u00f3w na pierwsze w tym roku Bike Days. Ju\u017c 5 i 6 kwietnia w ogrodzie b\u0119dzie mo\u017cna skorzysta\u0107 z darmowego serwisu rowerowego oraz porad specjalist\u00f3w.<\/p>\n","protected":false},"excerpt":{"rendered":"<p>Czu\u0107 wiosn\u0119 w powietrzu! Kwiecie\u0144 jest dla nas nie tylko startem pi\u0119knej pogody ale r\u00f3wnie\u017c rozpocz\u0119ciem sezonu rowerowego w Business Garden! Mamy wi\u0119c ogromn\u0105 przyjemno\u015b\u0107 zaprosi\u0107 naszych najemc\u00f3w na pierwsze w tym roku Bike Days. Ju\u017c 5 i 6 kwietnia w ogrodzie b\u0119dzie mo\u017cna skorzysta\u0107 z darmowego serwisu rowerowego oraz porad specjalist\u00f3w.<\/p>\n","protected":false},"author":3,"featured_media":0,"comment_status":"closed","ping_status":"closed","sticky":false,"template":"","format":"standard","meta":{"spay_email":"","mc4wp_mailchimp_campaign":[]},"categories":[19],"tags":[],"acf":[],"jetpack_featured_media_url":"","_links":{"self":[{"href":"https:\/\/www.businessgarden.eu\/poznan\/wp-json\/wp\/v2\/posts\/2299"}],"collection":[{"href":"https:\/\/www.businessgarden.eu\/poznan\/wp-json\/wp\/v2\/posts"}],"about":[{"href":"https:\/\/www.businessgarden.eu\/poznan\/wp-json\/wp\/v2\/types\/post"}],"author":[{"embeddable":true,"href":"https:\/\/www.businessgarden.eu\/poznan\/wp-json\/wp\/v2\/users\/3"}],"replies":[{"embeddable":true,"href":"https:\/\/www.businessgarden.eu\/poznan\/wp-json\/wp\/v2\/comments?post=2299"}],"version-history":[{"count":1,"href":"https:\/\/www.businessgarden.eu\/poznan\/wp-json\/wp\/v2\/posts\/2299\/revisions"}],"predecessor-version":[{"id":2301,"href":"https:\/\/www.businessgarden.eu\/poznan\/wp-json\/wp\/v2\/posts\/2299\/revisions\/2301"}],"wp:attachment":[{"href":"https:\/\/www.businessgarden.eu\/poznan\/wp-json\/wp\/v2\/media?parent=2299"}],"wp:term":[{"taxonomy":"category","embeddable":true,"href":"https:\/\/www.businessgarden.eu\/poznan\/wp-json\/wp\/v2\/categories?post=2299"},{"taxonomy":"post_tag","embeddable":true,"href":"https:\/\/www.businessgarden.eu\/poznan\/wp-json\/wp\/v2\/tags?post=2299"}],"curies":[{"name":"wp","href":"https:\/\/api.w.org\/{rel}","templated":true}]}}