{"id":2350,"date":"2022-09-22T18:44:50","date_gmt":"2022-09-22T16:44:50","guid":{"rendered":"https:\/\/www.businessgarden.eu\/poznan\/?p=2350"},"modified":"2023-09-11T16:21:52","modified_gmt":"2023-09-11T14:21:52","slug":"elektrozbiorka-2","status":"publish","type":"post","link":"https:\/\/www.businessgarden.eu\/poznan\/elektrozbiorka-2\/","title":{"rendered":"Elektrozbi\u00f3rka"},"content":{"rendered":"<p><img loading=\"lazy\" class=\"alignnone size-medium wp-image-2351\" src=\"https:\/\/www.businessgarden.eu\/poznan\/wp-content\/uploads\/2022\/09\/BG-elektrozbiorka-baner-www-300x169.png\" alt=\"\" width=\"300\" height=\"169\" srcset=\"https:\/\/www.businessgarden.eu\/poznan\/wp-content\/uploads\/2022\/09\/BG-elektrozbiorka-baner-www-300x169.png 300w, https:\/\/www.businessgarden.eu\/poznan\/wp-content\/uploads\/2022\/09\/BG-elektrozbiorka-baner-www-1024x576.png 1024w, https:\/\/www.businessgarden.eu\/poznan\/wp-content\/uploads\/2022\/09\/BG-elektrozbiorka-baner-www-768x432.png 768w, https:\/\/www.businessgarden.eu\/poznan\/wp-content\/uploads\/2022\/09\/BG-elektrozbiorka-baner-www-1536x864.png 1536w, https:\/\/www.businessgarden.eu\/poznan\/wp-content\/uploads\/2022\/09\/BG-elektrozbiorka-baner-www-2048x1152.png 2048w, https:\/\/www.businessgarden.eu\/poznan\/wp-content\/uploads\/2022\/09\/BG-elektrozbiorka-baner-www-800x450.png 800w, https:\/\/www.businessgarden.eu\/poznan\/wp-content\/uploads\/2022\/09\/BG-elektrozbiorka-baner-www-1920x1080.png 1920w, https:\/\/www.businessgarden.eu\/poznan\/wp-content\/uploads\/2022\/09\/BG-elektrozbiorka-baner-www-1280x720.png 1280w, https:\/\/www.businessgarden.eu\/poznan\/wp-content\/uploads\/2022\/09\/BG-elektrozbiorka-baner-www-600x338.png 600w\" sizes=\"(max-width: 300px) 100vw, 300px\" \/><\/p>\n<p>Od 26 wrze\u015bnia do 9 pa\u017adziernika w budynku Pastelowa 6 nasi najemcy mog\u0105 skorzysta\u0107 z kontener\u00f3w na elektro\u015bmieci, zu\u017cyte \u017car\u00f3wki i baterie.<\/p>\n<p>&nbsp;<\/p>\n","protected":false},"excerpt":{"rendered":"<p>Od 26 wrze\u015bnia do 9 pa\u017adziernika w budynku Pastelowa 6 nasi najemcy mog\u0105 skorzysta\u0107 z kontener\u00f3w na elektro\u015bmieci, zu\u017cyte \u017car\u00f3wki i baterie. &nbsp;<\/p>\n","protected":false},"author":3,"featured_media":0,"comment_status":"closed","ping_status":"closed","sticky":false,"template":"","format":"standard","meta":{"spay_email":"","mc4wp_mailchimp_campaign":[]},"categories":[19],"tags":[],"acf":[],"jetpack_featured_media_url":"","_links":{"self":[{"href":"https:\/\/www.businessgarden.eu\/poznan\/wp-json\/wp\/v2\/posts\/2350"}],"collection":[{"href":"https:\/\/www.businessgarden.eu\/poznan\/wp-json\/wp\/v2\/posts"}],"about":[{"href":"https:\/\/www.businessgarden.eu\/poznan\/wp-json\/wp\/v2\/types\/post"}],"author":[{"embeddable":true,"href":"https:\/\/www.businessgarden.eu\/poznan\/wp-json\/wp\/v2\/users\/3"}],"replies":[{"embeddable":true,"href":"https:\/\/www.businessgarden.eu\/poznan\/wp-json\/wp\/v2\/comments?post=2350"}],"version-history":[{"count":3,"href":"https:\/\/www.businessgarden.eu\/poznan\/wp-json\/wp\/v2\/posts\/2350\/revisions"}],"predecessor-version":[{"id":2610,"href":"https:\/\/www.businessgarden.eu\/poznan\/wp-json\/wp\/v2\/posts\/2350\/revisions\/2610"}],"wp:attachment":[{"href":"https:\/\/www.businessgarden.eu\/poznan\/wp-json\/wp\/v2\/media?parent=2350"}],"wp:term":[{"taxonomy":"category","embeddable":true,"href":"https:\/\/www.businessgarden.eu\/poznan\/wp-json\/wp\/v2\/categories?post=2350"},{"taxonomy":"post_tag","embeddable":true,"href":"https:\/\/www.businessgarden.eu\/poznan\/wp-json\/wp\/v2\/tags?post=2350"}],"curies":[{"name":"wp","href":"https:\/\/api.w.org\/{rel}","templated":true}]}}