{"id":2458,"date":"2023-04-17T20:31:42","date_gmt":"2023-04-17T18:31:42","guid":{"rendered":"https:\/\/www.businessgarden.eu\/poznan\/?p=2458"},"modified":"2023-10-29T17:31:25","modified_gmt":"2023-10-29T16:31:25","slug":"dni-ziemi","status":"publish","type":"post","link":"https:\/\/www.businessgarden.eu\/poznan\/dni-ziemi\/","title":{"rendered":"Dni Ziemi"},"content":{"rendered":"<p>W kwietniu, nasz kompleks biurowy obchodzi\u0142 &#8220;Dni Ziemi&#8221; \u2013 dwa tygodnie pe\u0142ne edukacji, \u015bwiadomo\u015bci ekologicznej i aktywno\u015bci, kt\u00f3re mia\u0142y na celu promocj\u0119 zr\u00f3wnowa\u017conego rozwoju oraz dbania o nasz\u0105 planet\u0119.<\/p>\n<p>Dali\u015bmy naszym najemcom mo\u017cliwo\u015b\u0107 wzi\u0119cia udzia\u0142u w EkoQuizie, kt\u00f3ry testowa\u0142 wiedz\u0119 z zakresu ochrony \u015brodowiska, recyklingu i zr\u00f3wnowa\u017conego stylu \u017cycia. To by\u0142a doskona\u0142a okazja do podzielenia si\u0119 wiedz\u0105 i zdobycia eko nagr\u00f3d.<\/p>\n<p>W trakcie &#8220;Dni Ziemi,&#8221; zorganizowali\u015bmy zbi\u00f3rk\u0119 elektro\u015bmieci, w tym zu\u017cytych \u017car\u00f3wek i baterii, a tak\u017ce zorganizowali\u015bmy warsztaty malowania eko toreb, kt\u00f3re cieszy\u0142y si\u0119 du\u017c\u0105 popularno\u015bci\u0105 w\u015br\u00f3d naszych najemc\u00f3w. To by\u0142a doskona\u0142a okazja do wyra\u017cenia swojej kreatywno\u015bci, jednocze\u015bnie promuj\u0105c u\u017cywanie eko toreb w zast\u0119pstwie dla plastikowych opakowa\u0144.<\/p>\n<p>To by\u0142a doskona\u0142a okazja do wsp\u00f3lnego dzia\u0142ania na rzecz zr\u00f3wnowa\u017conej przysz\u0142o\u015bci. Dzi\u0119kujemy wszystkim naszym najemcom za udzia\u0142 i zaanga\u017cowanie w te wyj\u0105tkowe dni. Wsp\u00f3lnie mo\u017cemy przyczyni\u0107 si\u0119 do ochrony naszej planety.<\/p>\n<p>______________________________________________________________<\/p>\n<p>W tym roku na Dni Ziemi w Business Garden przygotowali\u015bmy dla naszych Najemc\u00f3w spor\u0105 doz\u0119 aktywno\u015bci!<\/p>\n<p>Jak co roku, g\u0142\u00f3wnym elementem obchod\u00f3w b\u0119dzie Elektrozbi\u00f3rka. Przez ca\u0142y tydzie\u0144 b\u0119dzie mo\u017cna wrzuci\u0107 do specjalnie przygotowanych kontener\u00f3w zu\u017cyty sprz\u0119t elektryczny i elektroniczny. Warto przypomnie\u0107, \u017ce w ubieg\u0142orocznej edycji zebrano \u0142\u0105cznie ponad 536 kg tego typu odpad\u00f3w. Ponadto czeka\u0107 na Was b\u0119d\u0105:<\/p>\n<ul>\n<li>GiveBox \u2013 w my\u015bl konceptu \u2018ZeroWaste\u2019 \u2013 zostaw je\u015bli nie potrzebujesz \u2013 we\u017a, je\u015bli jest Ci potrzebne \u2013 mo\u017ce to by\u0107 ksi\u0105\u017cka, kubek czy figurka, kt\u00f3rej chcecie da\u0107 drugie \u017cycie (przypominamy, i\u017c rzeczy, kt\u00f3re przyniesiecie musz\u0105 by\u0107 w dobrym stanie!)<\/li>\n<li>Warsztaty z Malowania EkoToreb &#8211; odb\u0119d\u0105 si\u0119 27 kwietnia (czwartek) o godz. 15:00 na parterze budynku Pastelowa 6. Ilo\u015b\u0107 toreb jest ograniczona, wi\u0119c &#8211; kto pierwszy, ten lepszy!<\/li>\n<li>EkoQuiz \u2013 odpowiedz poprawnie na pytania o Ziemi\u0119 i ekologi\u0119 \u2013 wygraj upominek! Quiz b\u0119dzie aktywny od 24 kwietnia, od godziny 9:00 do 5 maja, do godziny 17:00. Zwyci\u0119zcy b\u0119d\u0105 losowani mi\u0119dzy 8 a 12 maja. Pami\u0119tajcie, \u017ceby poda\u0107 sw\u00f3j s\u0142u\u017cbowy adres e-mail!<\/li>\n<\/ul>\n<p>Jeste\u015b gotowy sprawdzi\u0107 swoj\u0105 wiedz\u0119 o Ziemi i ekologii? <a href=\"https:\/\/businessgarden.typeform.com\/to\/PhzFebNS\">Rozwi\u0105\u017c EkoQuiz<\/a><\/p>\n","protected":false},"excerpt":{"rendered":"<p>W kwietniu, nasz kompleks biurowy obchodzi\u0142 &#8220;Dni Ziemi&#8221; \u2013 dwa tygodnie pe\u0142ne edukacji, \u015bwiadomo\u015bci ekologicznej i aktywno\u015bci, kt\u00f3re mia\u0142y na celu promocj\u0119 zr\u00f3wnowa\u017conego rozwoju oraz dbania o nasz\u0105 planet\u0119. Dali\u015bmy naszym najemcom mo\u017cliwo\u015b\u0107 wzi\u0119cia udzia\u0142u w EkoQuizie, kt\u00f3ry testowa\u0142 wiedz\u0119 z zakresu ochrony \u015brodowiska, recyklingu i zr\u00f3wnowa\u017conego stylu \u017cycia. To by\u0142a doskona\u0142a okazja do podzielenia [&hellip;]<\/p>\n","protected":false},"author":3,"featured_media":0,"comment_status":"closed","ping_status":"closed","sticky":false,"template":"","format":"standard","meta":{"spay_email":"","mc4wp_mailchimp_campaign":[]},"categories":[19],"tags":[],"acf":[],"jetpack_featured_media_url":"","_links":{"self":[{"href":"https:\/\/www.businessgarden.eu\/poznan\/wp-json\/wp\/v2\/posts\/2458"}],"collection":[{"href":"https:\/\/www.businessgarden.eu\/poznan\/wp-json\/wp\/v2\/posts"}],"about":[{"href":"https:\/\/www.businessgarden.eu\/poznan\/wp-json\/wp\/v2\/types\/post"}],"author":[{"embeddable":true,"href":"https:\/\/www.businessgarden.eu\/poznan\/wp-json\/wp\/v2\/users\/3"}],"replies":[{"embeddable":true,"href":"https:\/\/www.businessgarden.eu\/poznan\/wp-json\/wp\/v2\/comments?post=2458"}],"version-history":[{"count":7,"href":"https:\/\/www.businessgarden.eu\/poznan\/wp-json\/wp\/v2\/posts\/2458\/revisions"}],"predecessor-version":[{"id":2688,"href":"https:\/\/www.businessgarden.eu\/poznan\/wp-json\/wp\/v2\/posts\/2458\/revisions\/2688"}],"wp:attachment":[{"href":"https:\/\/www.businessgarden.eu\/poznan\/wp-json\/wp\/v2\/media?parent=2458"}],"wp:term":[{"taxonomy":"category","embeddable":true,"href":"https:\/\/www.businessgarden.eu\/poznan\/wp-json\/wp\/v2\/categories?post=2458"},{"taxonomy":"post_tag","embeddable":true,"href":"https:\/\/www.businessgarden.eu\/poznan\/wp-json\/wp\/v2\/tags?post=2458"}],"curies":[{"name":"wp","href":"https:\/\/api.w.org\/{rel}","templated":true}]}}