{"id":2486,"date":"2023-05-18T16:25:06","date_gmt":"2023-05-18T14:25:06","guid":{"rendered":"https:\/\/www.businessgarden.eu\/poznan\/?p=2486"},"modified":"2023-10-29T17:35:20","modified_gmt":"2023-10-29T16:35:20","slug":"dzien-dziecka-w-business-garden","status":"publish","type":"post","link":"https:\/\/www.businessgarden.eu\/poznan\/dzien-dziecka-w-business-garden\/","title":{"rendered":"Dzie\u0144 Dziecka"},"content":{"rendered":"<p>Z okazji Dzie\u0144 Dziecka w Business Garden, odby\u0142o si\u0119 wyj\u0105tkowe wydarzenie, kt\u00f3re przynios\u0142o mn\u00f3stwo rado\u015bci i zabawy dzieciom najemc\u00f3w. Has\u0142em przewodnim tego magicznego dnia by\u0142o &#8220;Bajkowy \u015awiat&#8221;.<\/p>\n<p>Dzieci mia\u0142y okazj\u0119 skorzysta\u0107 z r\u00f3\u017cnych atrakcji, takich jak: malowanie twarzy, warsztaty r\u0119kodzielnicze, dmuchana zje\u017cd\u017calnia oraz konkursy i zabawy.<\/p>\n<p>To magiczne wydarzenie dostarczy\u0142o dzieciom i ich rodzicom mn\u00f3stwo rado\u015bci, u\u015bmiechu i wspomnie\u0144, kt\u00f3re na pewno pozostan\u0105 na d\u0142ugo w ich sercach.<\/p>\n<p>Dzi\u0119kujemy wszystkim za udzia\u0142 i zapraszamy do kolejnych wsp\u00f3lnych przyg\u00f3d.<\/p>\n<p>___________________________________________________________________<\/p>\n<p>Po d\u0142ugiej przerwie mo\u017cemy zaprosi\u0107 Najemc\u00f3w na event dla Najm\u0142odszych \u2013 Dzie\u0144 Dziecka w Business Garden!<\/p>\n<p>Save the date \u2013 3 czerwca, w godzinach 10:00 \u2013 14:00, ogr\u00f3d w Business Garden.<\/p>\n<p>Na dzieci w ka\u017cdym wieku czeka\u0107 b\u0119dzie wiele atrakcji: warsztaty, animacje, dmucha\u0144ce i wata cukrowa!<\/p>\n<p>Dla najm\u0142odszych przewidzieli\u015bmy specjaln\u0105 stref\u0119 malucha zaraz przy ba\u0144kach mydlanych.<\/p>\n<p><a href=\"https:\/\/www.businessgarden.eu\/poznan\/wp-content\/uploads\/2023\/05\/03062023-Dzien-Dziecka-REGULAMIN.docx\">Regulamin<\/a><\/p>\n","protected":false},"excerpt":{"rendered":"<p>Z okazji Dzie\u0144 Dziecka w Business Garden, odby\u0142o si\u0119 wyj\u0105tkowe wydarzenie, kt\u00f3re przynios\u0142o mn\u00f3stwo rado\u015bci i zabawy dzieciom najemc\u00f3w. Has\u0142em przewodnim tego magicznego dnia by\u0142o &#8220;Bajkowy \u015awiat&#8221;. Dzieci mia\u0142y okazj\u0119 skorzysta\u0107 z r\u00f3\u017cnych atrakcji, takich jak: malowanie twarzy, warsztaty r\u0119kodzielnicze, dmuchana zje\u017cd\u017calnia oraz konkursy i zabawy. To magiczne wydarzenie dostarczy\u0142o dzieciom i ich rodzicom mn\u00f3stwo [&hellip;]<\/p>\n","protected":false},"author":3,"featured_media":0,"comment_status":"closed","ping_status":"closed","sticky":false,"template":"","format":"standard","meta":{"spay_email":"","mc4wp_mailchimp_campaign":[]},"categories":[19],"tags":[],"acf":[],"jetpack_featured_media_url":"","_links":{"self":[{"href":"https:\/\/www.businessgarden.eu\/poznan\/wp-json\/wp\/v2\/posts\/2486"}],"collection":[{"href":"https:\/\/www.businessgarden.eu\/poznan\/wp-json\/wp\/v2\/posts"}],"about":[{"href":"https:\/\/www.businessgarden.eu\/poznan\/wp-json\/wp\/v2\/types\/post"}],"author":[{"embeddable":true,"href":"https:\/\/www.businessgarden.eu\/poznan\/wp-json\/wp\/v2\/users\/3"}],"replies":[{"embeddable":true,"href":"https:\/\/www.businessgarden.eu\/poznan\/wp-json\/wp\/v2\/comments?post=2486"}],"version-history":[{"count":13,"href":"https:\/\/www.businessgarden.eu\/poznan\/wp-json\/wp\/v2\/posts\/2486\/revisions"}],"predecessor-version":[{"id":2695,"href":"https:\/\/www.businessgarden.eu\/poznan\/wp-json\/wp\/v2\/posts\/2486\/revisions\/2695"}],"wp:attachment":[{"href":"https:\/\/www.businessgarden.eu\/poznan\/wp-json\/wp\/v2\/media?parent=2486"}],"wp:term":[{"taxonomy":"category","embeddable":true,"href":"https:\/\/www.businessgarden.eu\/poznan\/wp-json\/wp\/v2\/categories?post=2486"},{"taxonomy":"post_tag","embeddable":true,"href":"https:\/\/www.businessgarden.eu\/poznan\/wp-json\/wp\/v2\/tags?post=2486"}],"curies":[{"name":"wp","href":"https:\/\/api.w.org\/{rel}","templated":true}]}}