{"id":2573,"date":"2023-06-12T12:37:52","date_gmt":"2023-06-12T10:37:52","guid":{"rendered":"https:\/\/www.businessgarden.eu\/poznan\/?p=2573"},"modified":"2023-10-29T17:36:55","modified_gmt":"2023-10-29T16:36:55","slug":"food-truck-days","status":"publish","type":"post","link":"https:\/\/www.businessgarden.eu\/poznan\/food-truck-days\/","title":{"rendered":"Food Truck Days"},"content":{"rendered":"<p>W zesz\u0142ym tygodniu nasi najemcy mieli mo\u017cliwo\u015b\u0107 wzi\u0119cia udzia\u0142u w Dniach Food Truck\u00f3w \u2013 r\u00f3\u017cnorodne kuchnie, specjalne zni\u017cki oraz mi\u0142o sp\u0119dzony czas w gronie znajomych z pracy.<\/p>\n<p>Dni Food Truck\u00f3w by\u0142y nie tylko smacznym do\u015bwiadczeniem, ale tak\u017ce doskona\u0142\u0105 okazj\u0105 do wiosennego relaksu i integracji. Mamy nadziej\u0119, \u017ce ka\u017cdy z Was mia\u0142 okazj\u0119 cieszy\u0107 si\u0119 tym wyj\u0105tkowym wydarzeniem, a tak\u017ce znale\u017a\u0107 nowe ulubione smaki.<\/p>\n<p>_______________________________________________________________________<\/p>\n<p>W dniach 20-22 czerwca odb\u0119d\u0105 si\u0119 Dni Food Truck\u00f3w. Od wtorku do czwartku w ka\u017cdym z food truck\u00f3w Najemcy Business Garden maj\u0105 20% zni\u017cki.<\/p>\n","protected":false},"excerpt":{"rendered":"<p>W zesz\u0142ym tygodniu nasi najemcy mieli mo\u017cliwo\u015b\u0107 wzi\u0119cia udzia\u0142u w Dniach Food Truck\u00f3w \u2013 r\u00f3\u017cnorodne kuchnie, specjalne zni\u017cki oraz mi\u0142o sp\u0119dzony czas w gronie znajomych z pracy. Dni Food Truck\u00f3w by\u0142y nie tylko smacznym do\u015bwiadczeniem, ale tak\u017ce doskona\u0142\u0105 okazj\u0105 do wiosennego relaksu i integracji. Mamy nadziej\u0119, \u017ce ka\u017cdy z Was mia\u0142 okazj\u0119 cieszy\u0107 si\u0119 tym [&hellip;]<\/p>\n","protected":false},"author":3,"featured_media":0,"comment_status":"closed","ping_status":"closed","sticky":false,"template":"","format":"standard","meta":{"spay_email":"","mc4wp_mailchimp_campaign":[]},"categories":[19],"tags":[],"acf":[],"jetpack_featured_media_url":"","_links":{"self":[{"href":"https:\/\/www.businessgarden.eu\/poznan\/wp-json\/wp\/v2\/posts\/2573"}],"collection":[{"href":"https:\/\/www.businessgarden.eu\/poznan\/wp-json\/wp\/v2\/posts"}],"about":[{"href":"https:\/\/www.businessgarden.eu\/poznan\/wp-json\/wp\/v2\/types\/post"}],"author":[{"embeddable":true,"href":"https:\/\/www.businessgarden.eu\/poznan\/wp-json\/wp\/v2\/users\/3"}],"replies":[{"embeddable":true,"href":"https:\/\/www.businessgarden.eu\/poznan\/wp-json\/wp\/v2\/comments?post=2573"}],"version-history":[{"count":2,"href":"https:\/\/www.businessgarden.eu\/poznan\/wp-json\/wp\/v2\/posts\/2573\/revisions"}],"predecessor-version":[{"id":2697,"href":"https:\/\/www.businessgarden.eu\/poznan\/wp-json\/wp\/v2\/posts\/2573\/revisions\/2697"}],"wp:attachment":[{"href":"https:\/\/www.businessgarden.eu\/poznan\/wp-json\/wp\/v2\/media?parent=2573"}],"wp:term":[{"taxonomy":"category","embeddable":true,"href":"https:\/\/www.businessgarden.eu\/poznan\/wp-json\/wp\/v2\/categories?post=2573"},{"taxonomy":"post_tag","embeddable":true,"href":"https:\/\/www.businessgarden.eu\/poznan\/wp-json\/wp\/v2\/tags?post=2573"}],"curies":[{"name":"wp","href":"https:\/\/api.w.org\/{rel}","templated":true}]}}