{"id":2579,"date":"2023-06-26T12:42:35","date_gmt":"2023-06-26T10:42:35","guid":{"rendered":"https:\/\/www.businessgarden.eu\/poznan\/?p=2579"},"modified":"2023-10-29T17:40:27","modified_gmt":"2023-10-29T16:40:27","slug":"warsztaty-pszczelarskie","status":"publish","type":"post","link":"https:\/\/www.businessgarden.eu\/poznan\/warsztaty-pszczelarskie\/","title":{"rendered":"Warsztaty Pszczelarskie"},"content":{"rendered":"<p>W zesz\u0142ym tygodniu odby\u0142y si\u0119 zapowiadane Warsztaty Pszczelarskie, w trakcie kt\u00f3rych uczestnicy mieli okazj\u0119 poszerzy\u0107 swoj\u0105 wiedz\u0119 na temat \u017cycia spo\u0142ecznego pszcz\u00f3\u0142, spr\u00f3bowa\u0107 r\u00f3\u017cnych rodzaj\u00f3w miodu &#8211; od s\u0142odkich i delikatnych miod\u00f3w kwiatowych po bardziej wyraziste i aromatyczne miody spadziowe &#8211; oraz zobaczy\u0107 te po\u017cyteczne owady na \u017cywo w szklanym ulu. Po takiej porcji wiedzy lepiej rozumiemy znaczenie pszcz\u00f3\u0142 w ekosystemie.<\/p>\n<p>__________________________________________________________<\/p>\n<p>Ju\u017c 4 lipca o 15:30 odb\u0119d\u0105 si\u0119 Warsztaty Pszczelarskie. Nasz Pszczelarz opowie o idei pasiek miejskich, miodach oraz pracy pszcz\u00f3\u0142. Poszukamy kr\u00f3lowej w szklanym ulu i sprawdzimy, kt\u00f3ry mi\u00f3d smakuje nam najbardziej.<\/p>\n","protected":false},"excerpt":{"rendered":"<p>W zesz\u0142ym tygodniu odby\u0142y si\u0119 zapowiadane Warsztaty Pszczelarskie, w trakcie kt\u00f3rych uczestnicy mieli okazj\u0119 poszerzy\u0107 swoj\u0105 wiedz\u0119 na temat \u017cycia spo\u0142ecznego pszcz\u00f3\u0142, spr\u00f3bowa\u0107 r\u00f3\u017cnych rodzaj\u00f3w miodu &#8211; od s\u0142odkich i delikatnych miod\u00f3w kwiatowych po bardziej wyraziste i aromatyczne miody spadziowe &#8211; oraz zobaczy\u0107 te po\u017cyteczne owady na \u017cywo w szklanym ulu. Po takiej porcji wiedzy [&hellip;]<\/p>\n","protected":false},"author":3,"featured_media":0,"comment_status":"closed","ping_status":"closed","sticky":false,"template":"","format":"standard","meta":{"spay_email":"","mc4wp_mailchimp_campaign":[]},"categories":[19],"tags":[],"acf":[],"jetpack_featured_media_url":"","_links":{"self":[{"href":"https:\/\/www.businessgarden.eu\/poznan\/wp-json\/wp\/v2\/posts\/2579"}],"collection":[{"href":"https:\/\/www.businessgarden.eu\/poznan\/wp-json\/wp\/v2\/posts"}],"about":[{"href":"https:\/\/www.businessgarden.eu\/poznan\/wp-json\/wp\/v2\/types\/post"}],"author":[{"embeddable":true,"href":"https:\/\/www.businessgarden.eu\/poznan\/wp-json\/wp\/v2\/users\/3"}],"replies":[{"embeddable":true,"href":"https:\/\/www.businessgarden.eu\/poznan\/wp-json\/wp\/v2\/comments?post=2579"}],"version-history":[{"count":2,"href":"https:\/\/www.businessgarden.eu\/poznan\/wp-json\/wp\/v2\/posts\/2579\/revisions"}],"predecessor-version":[{"id":2702,"href":"https:\/\/www.businessgarden.eu\/poznan\/wp-json\/wp\/v2\/posts\/2579\/revisions\/2702"}],"wp:attachment":[{"href":"https:\/\/www.businessgarden.eu\/poznan\/wp-json\/wp\/v2\/media?parent=2579"}],"wp:term":[{"taxonomy":"category","embeddable":true,"href":"https:\/\/www.businessgarden.eu\/poznan\/wp-json\/wp\/v2\/categories?post=2579"},{"taxonomy":"post_tag","embeddable":true,"href":"https:\/\/www.businessgarden.eu\/poznan\/wp-json\/wp\/v2\/tags?post=2579"}],"curies":[{"name":"wp","href":"https:\/\/api.w.org\/{rel}","templated":true}]}}