{"id":2583,"date":"2023-08-11T11:56:03","date_gmt":"2023-08-11T09:56:03","guid":{"rendered":"https:\/\/www.businessgarden.eu\/poznan\/?p=2583"},"modified":"2023-10-29T17:43:55","modified_gmt":"2023-10-29T16:43:55","slug":"zawody-sportowe-2","status":"publish","type":"post","link":"https:\/\/www.businessgarden.eu\/poznan\/zawody-sportowe-2\/","title":{"rendered":"Zawody Sportowe"},"content":{"rendered":"<p>31 sierpnia na terenie naszego kompleksu biurowego odby\u0142y si\u0119 emocjonuj\u0105ce Zawody Sportowe dla naszych najemc\u00f3w. To by\u0142o wyj\u0105tkowe wydarzenie, kt\u00f3re skupi\u0142o uwag\u0119 wszystkich pracownik\u00f3w firm, \u0142\u0105cz\u0105c ich w rywalizacji i zabawie.<\/p>\n<p>Wysoki poziom sportowej rywalizacji i zaanga\u017cowanie zawodnik\u00f3w by\u0142y widoczne przez ca\u0142y czas. Zar\u00f3wno w siatk\u00f3wce, jak i koszyk\u00f3wce, dru\u017cyny stara\u0142y si\u0119 jak najlepiej reprezentowa\u0107 swoje firmy, daj\u0105c z siebie wszystko.<\/p>\n<p>To wydarzenie stanowi doskona\u0142y przyk\u0142ad, jak sport mo\u017ce by\u0107 narz\u0119dziem do kreowania pozytywnej atmosfery w\u015br\u00f3d pracownik\u00f3w i wspierania zdrowego stylu \u017cycia.<\/p>\n<p>_______________________________________________________________________<\/p>\n<p>Ju\u017c wkr\u00f3tce w Business Garden rozpocznie si\u0119 rywalizacja w Zawodach Sportowych koszyk\u00f3wki i siatk\u00f3wki.<\/p>\n<p>Zg\u0142oszone dru\u017cyny rozegraj\u0105 klika meczy, a 31 sierpnia odb\u0119dzie si\u0119 walka o podium!<\/p>\n<p>Dla tych, kt\u00f3rzy nie chc\u0105 bra\u0107 udzia\u0142u w Zawodach, przygotowali\u015bmy zaj\u0119cia z jogi na \u015bwie\u017cym powietrzu.<\/p>\n<p>Sprawd\u017a harmonogram zaj\u0119\u0107 jogi: <a href=\"https:\/\/www.businessgarden.eu\/poznan\/wp-content\/uploads\/2023\/08\/BG-Pzn-joga.docx\">KLIK<\/a>.<\/p>\n<p>Sprawd\u017a harmonogram rozgrywek: KLIK.<\/p>\n<p>Bior\u0105c udzia\u0142 w Zawodach Sportowych, akceptujesz <a href=\"https:\/\/www.businessgarden.eu\/poznan\/wp-content\/uploads\/2023\/08\/Regulamin-Zawodo\u0301w-Sportowych-2023-Pzn-i-Wawa.docx\">REGULAMIN<\/a>.<\/p>\n<p>&nbsp;<\/p>\n","protected":false},"excerpt":{"rendered":"<p>31 sierpnia na terenie naszego kompleksu biurowego odby\u0142y si\u0119 emocjonuj\u0105ce Zawody Sportowe dla naszych najemc\u00f3w. To by\u0142o wyj\u0105tkowe wydarzenie, kt\u00f3re skupi\u0142o uwag\u0119 wszystkich pracownik\u00f3w firm, \u0142\u0105cz\u0105c ich w rywalizacji i zabawie. Wysoki poziom sportowej rywalizacji i zaanga\u017cowanie zawodnik\u00f3w by\u0142y widoczne przez ca\u0142y czas. Zar\u00f3wno w siatk\u00f3wce, jak i koszyk\u00f3wce, dru\u017cyny stara\u0142y si\u0119 jak najlepiej reprezentowa\u0107 [&hellip;]<\/p>\n","protected":false},"author":3,"featured_media":0,"comment_status":"closed","ping_status":"closed","sticky":false,"template":"","format":"standard","meta":{"spay_email":"","mc4wp_mailchimp_campaign":[]},"categories":[19],"tags":[],"acf":[],"jetpack_featured_media_url":"","_links":{"self":[{"href":"https:\/\/www.businessgarden.eu\/poznan\/wp-json\/wp\/v2\/posts\/2583"}],"collection":[{"href":"https:\/\/www.businessgarden.eu\/poznan\/wp-json\/wp\/v2\/posts"}],"about":[{"href":"https:\/\/www.businessgarden.eu\/poznan\/wp-json\/wp\/v2\/types\/post"}],"author":[{"embeddable":true,"href":"https:\/\/www.businessgarden.eu\/poznan\/wp-json\/wp\/v2\/users\/3"}],"replies":[{"embeddable":true,"href":"https:\/\/www.businessgarden.eu\/poznan\/wp-json\/wp\/v2\/comments?post=2583"}],"version-history":[{"count":5,"href":"https:\/\/www.businessgarden.eu\/poznan\/wp-json\/wp\/v2\/posts\/2583\/revisions"}],"predecessor-version":[{"id":2708,"href":"https:\/\/www.businessgarden.eu\/poznan\/wp-json\/wp\/v2\/posts\/2583\/revisions\/2708"}],"wp:attachment":[{"href":"https:\/\/www.businessgarden.eu\/poznan\/wp-json\/wp\/v2\/media?parent=2583"}],"wp:term":[{"taxonomy":"category","embeddable":true,"href":"https:\/\/www.businessgarden.eu\/poznan\/wp-json\/wp\/v2\/categories?post=2583"},{"taxonomy":"post_tag","embeddable":true,"href":"https:\/\/www.businessgarden.eu\/poznan\/wp-json\/wp\/v2\/tags?post=2583"}],"curies":[{"name":"wp","href":"https:\/\/api.w.org\/{rel}","templated":true}]}}