{"id":2718,"date":"2023-12-10T14:04:12","date_gmt":"2023-12-10T13:04:12","guid":{"rendered":"https:\/\/www.businessgarden.eu\/poznan\/?p=2718"},"modified":"2024-01-07T18:13:15","modified_gmt":"2024-01-07T17:13:15","slug":"stacja-pakowania-prezentow-4","status":"publish","type":"post","link":"https:\/\/www.businessgarden.eu\/poznan\/stacja-pakowania-prezentow-4\/","title":{"rendered":"Stacja Pakowania Prezent\u00f3w"},"content":{"rendered":"<p><img loading=\"lazy\" class=\"alignnone size-medium wp-image-2719\" src=\"https:\/\/www.businessgarden.eu\/poznan\/wp-content\/uploads\/2023\/12\/vastint-x-mgstudio-pakowanie-prezentow-2-1-300x200.jpg\" alt=\"\" width=\"300\" height=\"200\" srcset=\"https:\/\/www.businessgarden.eu\/poznan\/wp-content\/uploads\/2023\/12\/vastint-x-mgstudio-pakowanie-prezentow-2-1-300x200.jpg 300w, https:\/\/www.businessgarden.eu\/poznan\/wp-content\/uploads\/2023\/12\/vastint-x-mgstudio-pakowanie-prezentow-2-1-1024x683.jpg 1024w, https:\/\/www.businessgarden.eu\/poznan\/wp-content\/uploads\/2023\/12\/vastint-x-mgstudio-pakowanie-prezentow-2-1-768x512.jpg 768w, https:\/\/www.businessgarden.eu\/poznan\/wp-content\/uploads\/2023\/12\/vastint-x-mgstudio-pakowanie-prezentow-2-1-1536x1024.jpg 1536w, https:\/\/www.businessgarden.eu\/poznan\/wp-content\/uploads\/2023\/12\/vastint-x-mgstudio-pakowanie-prezentow-2-1-800x530.jpg 800w, https:\/\/www.businessgarden.eu\/poznan\/wp-content\/uploads\/2023\/12\/vastint-x-mgstudio-pakowanie-prezentow-2-1-1800x1200.jpg 1800w, https:\/\/www.businessgarden.eu\/poznan\/wp-content\/uploads\/2023\/12\/vastint-x-mgstudio-pakowanie-prezentow-2-1-1080x720.jpg 1080w, https:\/\/www.businessgarden.eu\/poznan\/wp-content\/uploads\/2023\/12\/vastint-x-mgstudio-pakowanie-prezentow-2-1.jpg 2048w\" sizes=\"(max-width: 300px) 100vw, 300px\" \/><\/p>\n<p>15 grudnia, zgodnie z nasz\u0105 coroczn\u0105 tradycj\u0105, b\u0119dzie mo\u017cna skorzysta\u0107 ze Stacji Pakowania Prezent\u00f3w. Nasz pomocnik Miko\u0142aja zapakuje prezenty dla Twoich bliskich, jednak nie wi\u0119cej ni\u017c 3 prezenty na osob\u0119. B\u0119dziemy na Pa\u0144stwa czeka\u0107 w budynku Pastelowa 6, na parterze, w godzinach 10:00 &#8211; 17:00.<\/p>\n","protected":false},"excerpt":{"rendered":"<p>15 grudnia, zgodnie z nasz\u0105 coroczn\u0105 tradycj\u0105, b\u0119dzie mo\u017cna skorzysta\u0107 ze Stacji Pakowania Prezent\u00f3w. Nasz pomocnik Miko\u0142aja zapakuje prezenty dla Twoich bliskich, jednak nie wi\u0119cej ni\u017c 3 prezenty na osob\u0119. B\u0119dziemy na Pa\u0144stwa czeka\u0107 w budynku Pastelowa 6, na parterze, w godzinach 10:00 &#8211; 17:00.<\/p>\n","protected":false},"author":3,"featured_media":0,"comment_status":"closed","ping_status":"closed","sticky":false,"template":"","format":"standard","meta":{"spay_email":"","mc4wp_mailchimp_campaign":[]},"categories":[19],"tags":[],"acf":[],"jetpack_featured_media_url":"","_links":{"self":[{"href":"https:\/\/www.businessgarden.eu\/poznan\/wp-json\/wp\/v2\/posts\/2718"}],"collection":[{"href":"https:\/\/www.businessgarden.eu\/poznan\/wp-json\/wp\/v2\/posts"}],"about":[{"href":"https:\/\/www.businessgarden.eu\/poznan\/wp-json\/wp\/v2\/types\/post"}],"author":[{"embeddable":true,"href":"https:\/\/www.businessgarden.eu\/poznan\/wp-json\/wp\/v2\/users\/3"}],"replies":[{"embeddable":true,"href":"https:\/\/www.businessgarden.eu\/poznan\/wp-json\/wp\/v2\/comments?post=2718"}],"version-history":[{"count":2,"href":"https:\/\/www.businessgarden.eu\/poznan\/wp-json\/wp\/v2\/posts\/2718\/revisions"}],"predecessor-version":[{"id":2723,"href":"https:\/\/www.businessgarden.eu\/poznan\/wp-json\/wp\/v2\/posts\/2718\/revisions\/2723"}],"wp:attachment":[{"href":"https:\/\/www.businessgarden.eu\/poznan\/wp-json\/wp\/v2\/media?parent=2718"}],"wp:term":[{"taxonomy":"category","embeddable":true,"href":"https:\/\/www.businessgarden.eu\/poznan\/wp-json\/wp\/v2\/categories?post=2718"},{"taxonomy":"post_tag","embeddable":true,"href":"https:\/\/www.businessgarden.eu\/poznan\/wp-json\/wp\/v2\/tags?post=2718"}],"curies":[{"name":"wp","href":"https:\/\/api.w.org\/{rel}","templated":true}]}}