{"id":2732,"date":"2024-01-12T10:06:20","date_gmt":"2024-01-12T09:06:20","guid":{"rendered":"https:\/\/www.businessgarden.eu\/poznan\/?p=2732"},"modified":"2024-01-17T10:07:20","modified_gmt":"2024-01-17T09:07:20","slug":"zbiorka-elektrosmieci-3","status":"publish","type":"post","link":"https:\/\/www.businessgarden.eu\/poznan\/zbiorka-elektrosmieci-3\/","title":{"rendered":"Zbi\u00f3rka Elektro\u015bmieci"},"content":{"rendered":"<p>W dniach 15-28 stycznia zostan\u0105 wystawione pojemniki, do kt\u00f3rych b\u0119dziecie mogli wrzuci\u0107 stare \u017car\u00f3wki, drobny sprz\u0119t elektroniczny, kable i baterie. Wszystkie zebrane przedmioty zostan\u0105 poddane recyklingowi! Pojemniki mo\u017cna zle\u017a\u0107 w budynku Pastelowa 6.<\/p>\n","protected":false},"excerpt":{"rendered":"<p>W dniach 15-28 stycznia zostan\u0105 wystawione pojemniki, do kt\u00f3rych b\u0119dziecie mogli wrzuci\u0107 stare \u017car\u00f3wki, drobny sprz\u0119t elektroniczny, kable i baterie. Wszystkie zebrane przedmioty zostan\u0105 poddane recyklingowi! Pojemniki mo\u017cna zle\u017a\u0107 w budynku Pastelowa 6.<\/p>\n","protected":false},"author":3,"featured_media":0,"comment_status":"closed","ping_status":"closed","sticky":false,"template":"","format":"standard","meta":{"spay_email":"","mc4wp_mailchimp_campaign":[]},"categories":[19],"tags":[],"acf":[],"jetpack_featured_media_url":"","_links":{"self":[{"href":"https:\/\/www.businessgarden.eu\/poznan\/wp-json\/wp\/v2\/posts\/2732"}],"collection":[{"href":"https:\/\/www.businessgarden.eu\/poznan\/wp-json\/wp\/v2\/posts"}],"about":[{"href":"https:\/\/www.businessgarden.eu\/poznan\/wp-json\/wp\/v2\/types\/post"}],"author":[{"embeddable":true,"href":"https:\/\/www.businessgarden.eu\/poznan\/wp-json\/wp\/v2\/users\/3"}],"replies":[{"embeddable":true,"href":"https:\/\/www.businessgarden.eu\/poznan\/wp-json\/wp\/v2\/comments?post=2732"}],"version-history":[{"count":1,"href":"https:\/\/www.businessgarden.eu\/poznan\/wp-json\/wp\/v2\/posts\/2732\/revisions"}],"predecessor-version":[{"id":2733,"href":"https:\/\/www.businessgarden.eu\/poznan\/wp-json\/wp\/v2\/posts\/2732\/revisions\/2733"}],"wp:attachment":[{"href":"https:\/\/www.businessgarden.eu\/poznan\/wp-json\/wp\/v2\/media?parent=2732"}],"wp:term":[{"taxonomy":"category","embeddable":true,"href":"https:\/\/www.businessgarden.eu\/poznan\/wp-json\/wp\/v2\/categories?post=2732"},{"taxonomy":"post_tag","embeddable":true,"href":"https:\/\/www.businessgarden.eu\/poznan\/wp-json\/wp\/v2\/tags?post=2732"}],"curies":[{"name":"wp","href":"https:\/\/api.w.org\/{rel}","templated":true}]}}