{"id":2738,"date":"2024-02-05T12:49:34","date_gmt":"2024-02-05T11:49:34","guid":{"rendered":"https:\/\/www.businessgarden.eu\/poznan\/?p=2738"},"modified":"2024-03-06T14:59:28","modified_gmt":"2024-03-06T13:59:28","slug":"stacja-dekorowania-paczkow-2","status":"publish","type":"post","link":"https:\/\/www.businessgarden.eu\/poznan\/stacja-dekorowania-paczkow-2\/","title":{"rendered":"Stacja Dekorowania P\u0105czk\u00f3w"},"content":{"rendered":"<p>8 lutego przypada T\u0142usty Czwartek \u2013 nieoficjalny Dzie\u0144 P\u0105czk\u00f3w w Polsce! Z tej okazji w godzinach 10:00 &#8211; 17:00 w kantynie na parterze budynku Pastelowa 6 uruchomimy dedykowane stanowisko, na kt\u00f3rym b\u0119dzie mo\u017cna pola\u0107 swojego p\u0105czka wed\u0142ug w\u0142asnego uznania, szerok\u0105 gam\u0105 dodatk\u00f3w i nadzie\u0144 oraz zabra\u0107 go ze sob\u0105 do domu, na p\u00f3\u017aniej (lub zje\u015b\u0107 na miejscu \u2013 Tw\u00f3j wyb\u00f3r :). 08 lutego, w godzinach 10:00-17:00, kantyna na parterze budynku Pastelowa 6. Save the date, zabierz ze sob\u0105 znajomych i smacznego!<\/p>\n","protected":false},"excerpt":{"rendered":"<p>8 lutego przypada T\u0142usty Czwartek \u2013 nieoficjalny Dzie\u0144 P\u0105czk\u00f3w w Polsce! Z tej okazji w godzinach 10:00 &#8211; 17:00 w kantynie na parterze budynku Pastelowa 6 uruchomimy dedykowane stanowisko, na kt\u00f3rym b\u0119dzie mo\u017cna pola\u0107 swojego p\u0105czka wed\u0142ug w\u0142asnego uznania, szerok\u0105 gam\u0105 dodatk\u00f3w i nadzie\u0144 oraz zabra\u0107 go ze sob\u0105 do domu, na p\u00f3\u017aniej (lub zje\u015b\u0107 [&hellip;]<\/p>\n","protected":false},"author":3,"featured_media":0,"comment_status":"closed","ping_status":"closed","sticky":false,"template":"","format":"standard","meta":{"spay_email":"","mc4wp_mailchimp_campaign":[]},"categories":[19],"tags":[],"acf":[],"jetpack_featured_media_url":"","_links":{"self":[{"href":"https:\/\/www.businessgarden.eu\/poznan\/wp-json\/wp\/v2\/posts\/2738"}],"collection":[{"href":"https:\/\/www.businessgarden.eu\/poznan\/wp-json\/wp\/v2\/posts"}],"about":[{"href":"https:\/\/www.businessgarden.eu\/poznan\/wp-json\/wp\/v2\/types\/post"}],"author":[{"embeddable":true,"href":"https:\/\/www.businessgarden.eu\/poznan\/wp-json\/wp\/v2\/users\/3"}],"replies":[{"embeddable":true,"href":"https:\/\/www.businessgarden.eu\/poznan\/wp-json\/wp\/v2\/comments?post=2738"}],"version-history":[{"count":3,"href":"https:\/\/www.businessgarden.eu\/poznan\/wp-json\/wp\/v2\/posts\/2738\/revisions"}],"predecessor-version":[{"id":2744,"href":"https:\/\/www.businessgarden.eu\/poznan\/wp-json\/wp\/v2\/posts\/2738\/revisions\/2744"}],"wp:attachment":[{"href":"https:\/\/www.businessgarden.eu\/poznan\/wp-json\/wp\/v2\/media?parent=2738"}],"wp:term":[{"taxonomy":"category","embeddable":true,"href":"https:\/\/www.businessgarden.eu\/poznan\/wp-json\/wp\/v2\/categories?post=2738"},{"taxonomy":"post_tag","embeddable":true,"href":"https:\/\/www.businessgarden.eu\/poznan\/wp-json\/wp\/v2\/tags?post=2738"}],"curies":[{"name":"wp","href":"https:\/\/api.w.org\/{rel}","templated":true}]}}