{"id":2747,"date":"2024-03-18T11:09:02","date_gmt":"2024-03-18T10:09:02","guid":{"rendered":"https:\/\/www.businessgarden.eu\/poznan\/?p=2747"},"modified":"2024-03-18T11:09:02","modified_gmt":"2024-03-18T10:09:02","slug":"konkurs-fotograficzny","status":"publish","type":"post","link":"https:\/\/www.businessgarden.eu\/poznan\/konkurs-fotograficzny\/","title":{"rendered":"Konkurs Fotograficzny"},"content":{"rendered":"<p>Zapraszamy do udzia\u0142u w konkursie fotograficznym &#8220;Business Garden (nie)znany&#8221;!<\/p>\n<p>Czy kiedykolwiek chcieli\u015bcie pokaza\u0107 \u015bwiatu swoje spojrzenie na Business Garden? Teraz macie szans\u0119! Rozpoczynamy pierwszy w historii naszego kompleksu konkurs fotograficzny, kt\u00f3ry potrwa do 31 maja.<\/p>\n<p>Czy jeste\u015bcie mi\u0142o\u015bnikami fotografii? Czy lubicie uchwyci\u0107 pi\u0119kno otaczaj\u0105cego Was \u015bwiata? Je\u015bli tak, to ten konkurs jest dla Was! Nie musicie by\u0107 profesjonalistami, wystarczy, \u017ce jeste\u015bcie pasjonatami, gotowymi podzieli\u0107 si\u0119 swoimi spostrze\u017ceniami na temat naszego Business Garden.<\/p>\n<p>Co musicie zrobi\u0107? To proste! R\u00f3bcie zdj\u0119cia! Niech Wasza kreatywno\u015b\u0107 zainspiruje. Niech to b\u0119d\u0105 zdj\u0119cia ogrodu, wsp\u00f3lnych aktywno\u015bci, architektury, udogodnie\u0144 \u2013 poka\u017ccie nam, jak wygl\u0105da Wasz dzie\u0144 w Business Garden.<\/p>\n<p>Wszystkie prace prosimy przesy\u0142a\u0107 na adres email: <u>info@businessgarden.pl<\/u>. Pami\u0119tajcie jednak, aby uwa\u017cnie zapozna\u0107 si\u0119 z <a href=\"https:\/\/www.businessgarden.eu\/poznan\/wp-content\/uploads\/2024\/03\/Regulamin-Konkursu-Fotograficznego-15.03-31.05.2024.docx\">REGULAMINEM KONKURSU<\/a>, aby Wasze zg\u0142oszenie zosta\u0142o wzi\u0119te pod uwag\u0119!<\/p>\n<p>Czekaj\u0105 na Was \u015bwietne nagrody, a Wasze zdj\u0119cia mog\u0105 sta\u0107 si\u0119 cz\u0119\u015bci\u0105 historii Business Garden.<\/p>\n<p>Do dzie\u0142a, a powodzenia!<\/p>\n","protected":false},"excerpt":{"rendered":"<p>Zapraszamy do udzia\u0142u w konkursie fotograficznym &#8220;Business Garden (nie)znany&#8221;! Czy kiedykolwiek chcieli\u015bcie pokaza\u0107 \u015bwiatu swoje spojrzenie na Business Garden? Teraz macie szans\u0119! Rozpoczynamy pierwszy w historii naszego kompleksu konkurs fotograficzny, kt\u00f3ry potrwa do 31 maja. Czy jeste\u015bcie mi\u0142o\u015bnikami fotografii? Czy lubicie uchwyci\u0107 pi\u0119kno otaczaj\u0105cego Was \u015bwiata? Je\u015bli tak, to ten konkurs jest dla Was! Nie [&hellip;]<\/p>\n","protected":false},"author":3,"featured_media":0,"comment_status":"closed","ping_status":"closed","sticky":false,"template":"","format":"standard","meta":{"spay_email":"","mc4wp_mailchimp_campaign":[]},"categories":[19],"tags":[],"acf":[],"jetpack_featured_media_url":"","_links":{"self":[{"href":"https:\/\/www.businessgarden.eu\/poznan\/wp-json\/wp\/v2\/posts\/2747"}],"collection":[{"href":"https:\/\/www.businessgarden.eu\/poznan\/wp-json\/wp\/v2\/posts"}],"about":[{"href":"https:\/\/www.businessgarden.eu\/poznan\/wp-json\/wp\/v2\/types\/post"}],"author":[{"embeddable":true,"href":"https:\/\/www.businessgarden.eu\/poznan\/wp-json\/wp\/v2\/users\/3"}],"replies":[{"embeddable":true,"href":"https:\/\/www.businessgarden.eu\/poznan\/wp-json\/wp\/v2\/comments?post=2747"}],"version-history":[{"count":2,"href":"https:\/\/www.businessgarden.eu\/poznan\/wp-json\/wp\/v2\/posts\/2747\/revisions"}],"predecessor-version":[{"id":2757,"href":"https:\/\/www.businessgarden.eu\/poznan\/wp-json\/wp\/v2\/posts\/2747\/revisions\/2757"}],"wp:attachment":[{"href":"https:\/\/www.businessgarden.eu\/poznan\/wp-json\/wp\/v2\/media?parent=2747"}],"wp:term":[{"taxonomy":"category","embeddable":true,"href":"https:\/\/www.businessgarden.eu\/poznan\/wp-json\/wp\/v2\/categories?post=2747"},{"taxonomy":"post_tag","embeddable":true,"href":"https:\/\/www.businessgarden.eu\/poznan\/wp-json\/wp\/v2\/tags?post=2747"}],"curies":[{"name":"wp","href":"https:\/\/api.w.org\/{rel}","templated":true}]}}