{"id":2771,"date":"2024-04-18T16:01:37","date_gmt":"2024-04-18T14:01:37","guid":{"rendered":"https:\/\/www.businessgarden.eu\/poznan\/?p=2771"},"modified":"2024-04-22T09:03:15","modified_gmt":"2024-04-22T07:03:15","slug":"dni-ziemi-2","status":"publish","type":"post","link":"https:\/\/www.businessgarden.eu\/poznan\/dni-ziemi-2\/","title":{"rendered":"Dni Ziemi"},"content":{"rendered":"<p>22 kwietnia rozpoczynamy <strong>Dni Ziemi w Business Garden<\/strong>! Oto nasz rozk\u0142ad jazdy:<\/p>\n<ul>\n<li>22.04 \u2013 5.05 \u2013 <strong>Elektrozbi\u00f3rka<\/strong> \u2013 czyli ma\u0142e elektro\u015bmieci, \u017car\u00f3wki oraz baterie, kt\u00f3rych ju\u017c nie potrzebujesz &#8211; pojemniki na nie b\u0119d\u0105 rozstawione w lobby budynku Pastelowa 6.<\/li>\n<li>22.04 \u2013 5.05 \u2013 <strong>GiveBox<\/strong>, w my\u015bl zasady ZeroWaste, czyli \u201ezostaw, je\u015bli ju\u017c nie potrzebujesz \u2013 we\u017a, je\u015bli Ci si\u0119 przyda\u201d \u2013 zupe\u0142nie za free! Pami\u0119tajcie, \u017ceby rzeczy, kt\u00f3re przynosicie by\u0142y w dobrym stanie!<\/li>\n<\/ul>\n<p><strong>EkoQuiz<\/strong> z nagrodami! 22 kwietnia o godz. 9:00 w\u0142\u0105czy si\u0119 nasz EkoQuiz z wiedzy o Ziemi i recyklingu <a href=\"https:\/\/form.typeform.com\/to\/srIJ7tfb\">TUTAJ<\/a>.<\/p>\n<p>Dla pierwszych 10 os\u00f3b, kt\u00f3re dobrze odpowiedz\u0105 na wszystkie pytania przygotowali\u015bmy czadowe eko nagrody. EkoQuiz wy\u0142\u0105czy si\u0119 5 maja o p\u00f3\u0142nocy, a ze zwyci\u0119zcami skontaktujemy si\u0119 bezpo\u015brednio ju\u017c 6 maja!<\/p>\n<p><strong>EkoWarsztaty<\/strong> z tworzenia naturalnych \u015bwiec sojowych! Odb\u0119d\u0105 si\u0119 25 kwietnia (czwartek) na parterze budynku Pastelowa 6.<\/p>\n<p><u>Uwaga<\/u>: miejsca na Warsztacie s\u0105 ograniczone, a <u>zapisy obowi\u0105zuj\u0105<\/u>\u00a0w my\u015bl zasady \u201ekto pierwszy, ten lepszy\u201d, dlatego nie zwlekajcie zbyt d\u0142ugo! Dost\u0119pne s\u0105 dwie grupy: na 15:00 oraz na 16:00.<\/p>\n","protected":false},"excerpt":{"rendered":"<p>22 kwietnia rozpoczynamy Dni Ziemi w Business Garden! Oto nasz rozk\u0142ad jazdy: 22.04 \u2013 5.05 \u2013 Elektrozbi\u00f3rka \u2013 czyli ma\u0142e elektro\u015bmieci, \u017car\u00f3wki oraz baterie, kt\u00f3rych ju\u017c nie potrzebujesz &#8211; pojemniki na nie b\u0119d\u0105 rozstawione w lobby budynku Pastelowa 6. 22.04 \u2013 5.05 \u2013 GiveBox, w my\u015bl zasady ZeroWaste, czyli \u201ezostaw, je\u015bli ju\u017c nie potrzebujesz \u2013 [&hellip;]<\/p>\n","protected":false},"author":3,"featured_media":0,"comment_status":"closed","ping_status":"closed","sticky":false,"template":"","format":"standard","meta":{"spay_email":"","mc4wp_mailchimp_campaign":[]},"categories":[19],"tags":[],"acf":[],"jetpack_featured_media_url":"","_links":{"self":[{"href":"https:\/\/www.businessgarden.eu\/poznan\/wp-json\/wp\/v2\/posts\/2771"}],"collection":[{"href":"https:\/\/www.businessgarden.eu\/poznan\/wp-json\/wp\/v2\/posts"}],"about":[{"href":"https:\/\/www.businessgarden.eu\/poznan\/wp-json\/wp\/v2\/types\/post"}],"author":[{"embeddable":true,"href":"https:\/\/www.businessgarden.eu\/poznan\/wp-json\/wp\/v2\/users\/3"}],"replies":[{"embeddable":true,"href":"https:\/\/www.businessgarden.eu\/poznan\/wp-json\/wp\/v2\/comments?post=2771"}],"version-history":[{"count":2,"href":"https:\/\/www.businessgarden.eu\/poznan\/wp-json\/wp\/v2\/posts\/2771\/revisions"}],"predecessor-version":[{"id":2775,"href":"https:\/\/www.businessgarden.eu\/poznan\/wp-json\/wp\/v2\/posts\/2771\/revisions\/2775"}],"wp:attachment":[{"href":"https:\/\/www.businessgarden.eu\/poznan\/wp-json\/wp\/v2\/media?parent=2771"}],"wp:term":[{"taxonomy":"category","embeddable":true,"href":"https:\/\/www.businessgarden.eu\/poznan\/wp-json\/wp\/v2\/categories?post=2771"},{"taxonomy":"post_tag","embeddable":true,"href":"https:\/\/www.businessgarden.eu\/poznan\/wp-json\/wp\/v2\/tags?post=2771"}],"curies":[{"name":"wp","href":"https:\/\/api.w.org\/{rel}","templated":true}]}}