{"id":2785,"date":"2024-05-29T17:08:16","date_gmt":"2024-05-29T15:08:16","guid":{"rendered":"https:\/\/www.businessgarden.eu\/poznan\/?p=2785"},"modified":"2024-05-29T17:08:16","modified_gmt":"2024-05-29T15:08:16","slug":"dzien-dziecka-2","status":"publish","type":"post","link":"https:\/\/www.businessgarden.eu\/poznan\/dzien-dziecka-2\/","title":{"rendered":"Dzie\u0144 Dziecka"},"content":{"rendered":"<p>Serdecznie zapraszamy Pa\u0144stwa oraz Wasze dzieci na wyj\u0105tkowe obchody Dnia Dziecka, kt\u00f3re odb\u0119d\u0105 si\u0119 <strong>1 czerwca w godzinach 10:00 &#8211; 14:00<\/strong> w kantynie na parterze budynku Pastelowa 6. W tym roku tematem przewodnim s\u0105 &#8220;Mali odkrywcy&#8221;, co zapowiada mn\u00f3stwo atrakcji i niespodzianek!<\/p>\n<p>W programie przewidziano: kreatywne warsztaty, gry i zabawy, stref\u0119 malucha, dmucha\u0144ce i wiele innych!<\/p>\n<p>Nie przegapcie tej wyj\u0105tkowej okazji, aby sp\u0119dzi\u0107 czas w mi\u0142ej atmosferze i wsp\u00f3lnie odkrywa\u0107 otaczaj\u0105cy nas \u015bwiat!<\/p>\n<p>Do zobaczenia!<\/p>\n","protected":false},"excerpt":{"rendered":"<p>Serdecznie zapraszamy Pa\u0144stwa oraz Wasze dzieci na wyj\u0105tkowe obchody Dnia Dziecka, kt\u00f3re odb\u0119d\u0105 si\u0119 1 czerwca w godzinach 10:00 &#8211; 14:00 w kantynie na parterze budynku Pastelowa 6. W tym roku tematem przewodnim s\u0105 &#8220;Mali odkrywcy&#8221;, co zapowiada mn\u00f3stwo atrakcji i niespodzianek! W programie przewidziano: kreatywne warsztaty, gry i zabawy, stref\u0119 malucha, dmucha\u0144ce i wiele [&hellip;]<\/p>\n","protected":false},"author":3,"featured_media":0,"comment_status":"closed","ping_status":"closed","sticky":false,"template":"","format":"standard","meta":{"spay_email":"","mc4wp_mailchimp_campaign":[]},"categories":[19],"tags":[],"acf":[],"jetpack_featured_media_url":"","_links":{"self":[{"href":"https:\/\/www.businessgarden.eu\/poznan\/wp-json\/wp\/v2\/posts\/2785"}],"collection":[{"href":"https:\/\/www.businessgarden.eu\/poznan\/wp-json\/wp\/v2\/posts"}],"about":[{"href":"https:\/\/www.businessgarden.eu\/poznan\/wp-json\/wp\/v2\/types\/post"}],"author":[{"embeddable":true,"href":"https:\/\/www.businessgarden.eu\/poznan\/wp-json\/wp\/v2\/users\/3"}],"replies":[{"embeddable":true,"href":"https:\/\/www.businessgarden.eu\/poznan\/wp-json\/wp\/v2\/comments?post=2785"}],"version-history":[{"count":1,"href":"https:\/\/www.businessgarden.eu\/poznan\/wp-json\/wp\/v2\/posts\/2785\/revisions"}],"predecessor-version":[{"id":2787,"href":"https:\/\/www.businessgarden.eu\/poznan\/wp-json\/wp\/v2\/posts\/2785\/revisions\/2787"}],"wp:attachment":[{"href":"https:\/\/www.businessgarden.eu\/poznan\/wp-json\/wp\/v2\/media?parent=2785"}],"wp:term":[{"taxonomy":"category","embeddable":true,"href":"https:\/\/www.businessgarden.eu\/poznan\/wp-json\/wp\/v2\/categories?post=2785"},{"taxonomy":"post_tag","embeddable":true,"href":"https:\/\/www.businessgarden.eu\/poznan\/wp-json\/wp\/v2\/tags?post=2785"}],"curies":[{"name":"wp","href":"https:\/\/api.w.org\/{rel}","templated":true}]}}