{"id":2791,"date":"2024-06-17T15:57:14","date_gmt":"2024-06-17T13:57:14","guid":{"rendered":"https:\/\/www.businessgarden.eu\/poznan\/?p=2791"},"modified":"2024-06-17T15:57:14","modified_gmt":"2024-06-17T13:57:14","slug":"dni-food-truckow","status":"publish","type":"post","link":"https:\/\/www.businessgarden.eu\/poznan\/dni-food-truckow\/","title":{"rendered":"Dni Food Truck\u00f3w"},"content":{"rendered":"<p>Nadchodzi to wyj\u0105tkowo smaczne wydarzenie! Przez trzy dni, od 18 do 20 czerwca, b\u0119dziemy go\u015bcili r\u00f3\u017cne food trucki, kt\u00f3re zaserwuj\u0105 pyszne potrawy z ca\u0142ego \u015bwiata.<\/p>\n<p>To doskona\u0142a okazja, aby spr\u00f3bowa\u0107 nowych smak\u00f3w, sp\u0119dzi\u0107 czas z kolegami z pracy i nawi\u0105za\u0107 nowe znajomo\u015bci w naszej strefie chillout przy kubku orze\u017awiaj\u0105cej lemoniady!<\/p>\n<p>Rozk\u0142ad jazdy food truck\u00f3w znajdziecie w poniedzia\u0142ek 17.06 na naszym fanpage\u2019u na facebook\u2019u!<\/p>\n","protected":false},"excerpt":{"rendered":"<p>Nadchodzi to wyj\u0105tkowo smaczne wydarzenie! Przez trzy dni, od 18 do 20 czerwca, b\u0119dziemy go\u015bcili r\u00f3\u017cne food trucki, kt\u00f3re zaserwuj\u0105 pyszne potrawy z ca\u0142ego \u015bwiata. To doskona\u0142a okazja, aby spr\u00f3bowa\u0107 nowych smak\u00f3w, sp\u0119dzi\u0107 czas z kolegami z pracy i nawi\u0105za\u0107 nowe znajomo\u015bci w naszej strefie chillout przy kubku orze\u017awiaj\u0105cej lemoniady! Rozk\u0142ad jazdy food truck\u00f3w znajdziecie [&hellip;]<\/p>\n","protected":false},"author":3,"featured_media":0,"comment_status":"closed","ping_status":"closed","sticky":false,"template":"","format":"standard","meta":{"spay_email":"","mc4wp_mailchimp_campaign":[]},"categories":[19],"tags":[],"acf":[],"jetpack_featured_media_url":"","_links":{"self":[{"href":"https:\/\/www.businessgarden.eu\/poznan\/wp-json\/wp\/v2\/posts\/2791"}],"collection":[{"href":"https:\/\/www.businessgarden.eu\/poznan\/wp-json\/wp\/v2\/posts"}],"about":[{"href":"https:\/\/www.businessgarden.eu\/poznan\/wp-json\/wp\/v2\/types\/post"}],"author":[{"embeddable":true,"href":"https:\/\/www.businessgarden.eu\/poznan\/wp-json\/wp\/v2\/users\/3"}],"replies":[{"embeddable":true,"href":"https:\/\/www.businessgarden.eu\/poznan\/wp-json\/wp\/v2\/comments?post=2791"}],"version-history":[{"count":1,"href":"https:\/\/www.businessgarden.eu\/poznan\/wp-json\/wp\/v2\/posts\/2791\/revisions"}],"predecessor-version":[{"id":2793,"href":"https:\/\/www.businessgarden.eu\/poznan\/wp-json\/wp\/v2\/posts\/2791\/revisions\/2793"}],"wp:attachment":[{"href":"https:\/\/www.businessgarden.eu\/poznan\/wp-json\/wp\/v2\/media?parent=2791"}],"wp:term":[{"taxonomy":"category","embeddable":true,"href":"https:\/\/www.businessgarden.eu\/poznan\/wp-json\/wp\/v2\/categories?post=2791"},{"taxonomy":"post_tag","embeddable":true,"href":"https:\/\/www.businessgarden.eu\/poznan\/wp-json\/wp\/v2\/tags?post=2791"}],"curies":[{"name":"wp","href":"https:\/\/api.w.org\/{rel}","templated":true}]}}