{"id":794,"date":"2019-12-02T08:58:46","date_gmt":"2019-12-02T07:58:46","guid":{"rendered":"http:\/\/www2.businessgarden.eu\/poznan\/?p=794"},"modified":"2020-05-07T23:22:04","modified_gmt":"2020-05-07T21:22:04","slug":"wieczor-piernikowy","status":"publish","type":"post","link":"https:\/\/www.businessgarden.eu\/poznan\/wieczor-piernikowy\/","title":{"rendered":"Wiecz\u00f3r Piernikowy"},"content":{"rendered":"<p>Ponownie organizujemy Piernikowy Wiecz\u00f3r. Zapraszamy w dniu 09.12 o godz. 16.30 do restauracji Marchewkowe Pole na wyj\u0105tkowo s\u0142odki konkurs \u2013 b\u0119dziemy piec i ozdabia\u0107 piernikowe chatki.<\/p>\n<p>Prosimy zg\u0142asza\u0107 swoje zespo\u0142y na: bg@marchewkowepole.pl. Czekamy na Was!<\/p>\n","protected":false},"excerpt":{"rendered":"<p>Ponownie organizujemy Piernikowy Wiecz\u00f3r. Zapraszamy w dniu 09.12 o godz. 16.30 do restauracji Marchewkowe Pole na wyj\u0105tkowo s\u0142odki konkurs \u2013 b\u0119dziemy piec i ozdabia\u0107 piernikowe chatki. Prosimy zg\u0142asza\u0107 swoje zespo\u0142y na: bg@marchewkowepole.pl. Czekamy na Was!<\/p>\n","protected":false},"author":3,"featured_media":0,"comment_status":"closed","ping_status":"closed","sticky":false,"template":"","format":"standard","meta":{"spay_email":"","mc4wp_mailchimp_campaign":[]},"categories":[41],"tags":[],"acf":[],"jetpack_featured_media_url":"","_links":{"self":[{"href":"https:\/\/www.businessgarden.eu\/poznan\/wp-json\/wp\/v2\/posts\/794"}],"collection":[{"href":"https:\/\/www.businessgarden.eu\/poznan\/wp-json\/wp\/v2\/posts"}],"about":[{"href":"https:\/\/www.businessgarden.eu\/poznan\/wp-json\/wp\/v2\/types\/post"}],"author":[{"embeddable":true,"href":"https:\/\/www.businessgarden.eu\/poznan\/wp-json\/wp\/v2\/users\/3"}],"replies":[{"embeddable":true,"href":"https:\/\/www.businessgarden.eu\/poznan\/wp-json\/wp\/v2\/comments?post=794"}],"version-history":[{"count":0,"href":"https:\/\/www.businessgarden.eu\/poznan\/wp-json\/wp\/v2\/posts\/794\/revisions"}],"wp:attachment":[{"href":"https:\/\/www.businessgarden.eu\/poznan\/wp-json\/wp\/v2\/media?parent=794"}],"wp:term":[{"taxonomy":"category","embeddable":true,"href":"https:\/\/www.businessgarden.eu\/poznan\/wp-json\/wp\/v2\/categories?post=794"},{"taxonomy":"post_tag","embeddable":true,"href":"https:\/\/www.businessgarden.eu\/poznan\/wp-json\/wp\/v2\/tags?post=794"}],"curies":[{"name":"wp","href":"https:\/\/api.w.org\/{rel}","templated":true}]}}